
{"id":9565,"date":"2026-04-30T22:54:43","date_gmt":"2026-04-30T20:54:43","guid":{"rendered":"https:\/\/www.lepaysservices.com\/les-etats-unis-etendent-les-restrictions-regionales-sur-les-visas\/"},"modified":"2026-04-30T22:54:43","modified_gmt":"2026-04-30T20:54:43","slug":"les-etats-unis-etendent-les-restrictions-regionales-sur-les-visas","status":"publish","type":"post","link":"https:\/\/www.lepaysservices.com\/en\/les-etats-unis-etendent-les-restrictions-regionales-sur-les-visas\/","title":{"rendered":"Les \u00c9tats-Unis \u00e9tendent les restrictions r\u00e9gionales sur les visas"},"content":{"rendered":"<p><br \/>\n<\/p>\n<p>Le D\u00e9partement d\u2019\u00c9tat va d\u00e9sormais refuser des visas \u00e0 certaines personnes qui, selon lui, aident des pays adversaires, leurs agents ou des entreprises li\u00e9es \u00e0 op\u00e9rer d\u2019une mani\u00e8re qui porte atteinte aux int\u00e9r\u00eats am\u00e9ricains dans l\u2019h\u00e9misph\u00e8re occidental.<\/p>\n<p>Cette politique ne consiste pas en une interdiction g\u00e9n\u00e9rale d\u2019une nationalit\u00e9, et le gouvernement affirme avoir d\u00e9j\u00e0 impos\u00e9 des restrictions de visa \u00e0 26 personnes dans la r\u00e9gion.<\/p>\n<h2 class=\"wp-block-heading\">Qu\u2019est-ce qui a chang\u00e9 dans cette politique de restriction des visas ?<\/h2>\n<p>Selon un <a href=\"https:\/\/www.state.gov\/releases\/office-of-the-spokesperson\/2026\/04\/expanding-visa-restriction-policy-to-protect-u-s-interests-in-the-western-hemisphere\/\" rel=\"noopener\" target=\"_blank\">Note aux m\u00e9dias du 16 avril<\/a> du D\u00e9partement d\u2019\u00c9tat, la nouvelle politique \u00e9largit <a href=\"https:\/\/www.state.gov\/releases\/2025\/09\/visa-restrictions-on-central-american-nationals-working-with-the-ccp-to-undermine-rule-of-law-in-central-america\" rel=\"noopener\" target=\"_blank\">restriction existante<\/a> et s&rsquo;applique \u00e0 certains ressortissants de pays de l&rsquo;h\u00e9misph\u00e8re occidental qui op\u00e8rent dans la r\u00e9gion pour le compte d&rsquo;un pays, d&rsquo;un agent ou d&rsquo;une entreprise adversaire.<\/p>\n<p>Le gouvernement affirme que cette politique peut affecter les personnes qui, sciemment, dirigent, autorisent, financent, soutiennent de mani\u00e8re significative ou m\u00e8nent des activit\u00e9s qui, selon lui, portent atteinte aux int\u00e9r\u00eats am\u00e9ricains.<\/p>\n<p>Le D\u00e9partement d&rsquo;\u00c9tat a donn\u00e9 plusieurs exemples de types de conduites qui, selon lui, pourraient d\u00e9clencher une restriction. Il s\u2019agit notamment d\u2019aider les puissances adverses \u00e0 prendre le contr\u00f4le d\u2019actifs cl\u00e9s ou de ressources strat\u00e9giques dans l\u2019h\u00e9misph\u00e8re, de perturber les efforts de s\u00e9curit\u00e9 r\u00e9gionale, de porter atteinte aux int\u00e9r\u00eats \u00e9conomiques am\u00e9ricains et de mener des op\u00e9rations d\u2019influence visant \u00e0 affaiblir la souverainet\u00e9 ou la stabilit\u00e9 des pays de la r\u00e9gion.<\/p>\n<h2 class=\"wp-block-heading\">Qui pourrait \u00eatre concern\u00e9 ?<\/h2>\n<p>Cette politique ne semble pas interdire tous les demandeurs de visa d&rsquo;un pays particulier. Au lieu de cela, cela donne au gouvernement un moyen de s&rsquo;adresser \u00e0 des personnes sp\u00e9cifiques qui, selon lui, rel\u00e8vent de la politique et de les d\u00e9clarer inadmissibles aux \u00c9tats-Unis.<\/p>\n<p>Le D\u00e9partement d&rsquo;\u00c9tat affirme \u00e9galement que les membres de la famille imm\u00e9diate des personnes d\u00e9sign\u00e9es ne seront g\u00e9n\u00e9ralement pas autoris\u00e9s \u00e0 entrer aux \u00c9tats-Unis.<\/p>\n<h2 class=\"wp-block-heading\">En quoi est-ce diff\u00e9rent de la politique ant\u00e9rieure de 2025\u00a0?<\/h2>\n<p>Cette nouvelle mesure \u00e9tend une politique plus \u00e9troite de restriction des visas annonc\u00e9e en septembre 2025.<\/p>\n<p>Cette version ant\u00e9rieure se concentrait sur les ressortissants d\u2019Am\u00e9rique centrale travaillant avec le Parti communiste chinois (PCC) pour saper l\u2019\u00c9tat de droit en Am\u00e9rique centrale. Le nouveau changement est plus large de deux mani\u00e8res. Premi\u00e8rement, elle ne se limite plus \u00e0 l\u2019Am\u00e9rique centrale. Deuxi\u00e8mement, elle ne se limite plus \u00e0 la Chine. Au lieu de cela, il fait r\u00e9f\u00e9rence plus largement aux pays adversaires, \u00e0 leurs agents ou aux entreprises de l\u2019h\u00e9misph\u00e8re occidental.<\/p>\n<h2 class=\"wp-block-heading\">Ce que l&rsquo;annonce n&rsquo;a pas dit<\/h2>\n<p>Il y a encore beaucoup de choses que nous ne savons pas. Le D\u00e9partement d&rsquo;\u00c9tat affirme avoir d\u00e9j\u00e0 impos\u00e9 des restrictions \u00e0 26 personnes, mais il ne les a pas nomm\u00e9es ni expliqu\u00e9 comment il d\u00e9ciderait des cas futurs. Cela s\u2019explique peut-\u00eatre en partie par le fait que le gouvernement s\u2019appuie sur une disposition de politique \u00e9trang\u00e8re de la loi sur l\u2019immigration qui donne un large pouvoir discr\u00e9tionnaire au secr\u00e9taire d\u2019\u00c9tat.<\/p>\n<p>Au lieu de publier une nouvelle r\u00e8gle d\u00e9taill\u00e9e ou de publier une proclamation pr\u00e9sidentielle, le D\u00e9partement d\u2019\u00c9tat l\u2019a mis en \u0153uvre par le biais d\u2019une note aux m\u00e9dias et de d\u00e9cisions individuelles en mati\u00e8re de visa. Le minist\u00e8re cite un article de la loi sur l&rsquo;immigration et la nationalit\u00e9 (INA) qui permet au secr\u00e9taire d&rsquo;\u00c9tat de refuser des visas lorsque l&rsquo;entr\u00e9e d&rsquo;une personne aurait des cons\u00e9quences potentiellement graves sur la politique \u00e9trang\u00e8re des \u00c9tats-Unis.<\/p>\n<p>Bien que l&rsquo;annonce ne fournisse pas de lignes directrices claires \u00e0 utiliser par les agents, elle donne un aper\u00e7u de ce qui peut \u00eatre pris en consid\u00e9ration lorsque les visas sont refus\u00e9s ou r\u00e9voqu\u00e9s.<\/p>\n<p>Si vous craignez d&rsquo;\u00eatre concern\u00e9, envisagez de parler \u00e0 un avocat sp\u00e9cialis\u00e9 en droit de l&rsquo;immigration avant de demander un visa ou de voyager.<\/p>\n<p>L&rsquo;article Les \u00c9tats-Unis \u00e9tendent les restrictions r\u00e9gionales en mati\u00e8re de visa est apparu en premier sur le blog Modern Immigration and Employment Manifest Law.<\/p>\n\n<!--CusAds0-->\n<div style=\"font-size: 0px; height: 0px; line-height: 0px; margin: 0; padding: 0; clear: both;\"><\/div>","protected":false},"excerpt":{"rendered":"<p>Le D\u00e9partement d\u2019\u00c9tat va d\u00e9sormais refuser des visas \u00e0 certaines personnes qui, selon lui, aident des pays adversaires, leurs agents ou des entreprises li\u00e9es \u00e0 op\u00e9rer d\u2019une mani\u00e8re qui porte atteinte aux int\u00e9r\u00eats am\u00e9ricains dans l\u2019h\u00e9misph\u00e8re occidental. Cette politique ne consiste pas en une interdiction g\u00e9n\u00e9rale d\u2019une nationalit\u00e9, et le gouvernement affirme avoir d\u00e9j\u00e0 impos\u00e9 [&hellip;]<\/p>\n","protected":false},"author":1,"featured_media":0,"comment_status":"open","ping_status":"open","sticky":false,"template":"","format":"standard","meta":{"_kadence_starter_templates_imported_post":false,"_glsr_average":0,"_glsr_ranking":0,"_glsr_reviews":0,"footnotes":""},"categories":[17],"tags":[],"class_list":["post-9565","post","type-post","status-publish","format-standard","hentry","category-actualite"],"_links":{"self":[{"href":"https:\/\/www.lepaysservices.com\/en\/wp-json\/wp\/v2\/posts\/9565","targetHints":{"allow":["GET"]}}],"collection":[{"href":"https:\/\/www.lepaysservices.com\/en\/wp-json\/wp\/v2\/posts"}],"about":[{"href":"https:\/\/www.lepaysservices.com\/en\/wp-json\/wp\/v2\/types\/post"}],"author":[{"embeddable":true,"href":"https:\/\/www.lepaysservices.com\/en\/wp-json\/wp\/v2\/users\/1"}],"replies":[{"embeddable":true,"href":"https:\/\/www.lepaysservices.com\/en\/wp-json\/wp\/v2\/comments?post=9565"}],"version-history":[{"count":0,"href":"https:\/\/www.lepaysservices.com\/en\/wp-json\/wp\/v2\/posts\/9565\/revisions"}],"wp:attachment":[{"href":"https:\/\/www.lepaysservices.com\/en\/wp-json\/wp\/v2\/media?parent=9565"}],"wp:term":[{"taxonomy":"category","embeddable":true,"href":"https:\/\/www.lepaysservices.com\/en\/wp-json\/wp\/v2\/categories?post=9565"},{"taxonomy":"post_tag","embeddable":true,"href":"https:\/\/www.lepaysservices.com\/en\/wp-json\/wp\/v2\/tags?post=9565"}],"curies":[{"name":"wp","href":"https:\/\/api.w.org\/{rel}","templated":true}]}}