
{"id":9522,"date":"2026-04-24T12:15:38","date_gmt":"2026-04-24T10:15:38","guid":{"rendered":"https:\/\/www.lepaysservices.com\/modifications-apportees-au-systeme-dasile-et-dimmigration-du-canada\/"},"modified":"2026-04-24T12:15:38","modified_gmt":"2026-04-24T10:15:38","slug":"modifications-apportees-au-systeme-dasile-et-dimmigration-du-canada","status":"publish","type":"post","link":"https:\/\/www.lepaysservices.com\/en\/modifications-apportees-au-systeme-dasile-et-dimmigration-du-canada\/","title":{"rendered":"Modifications apport\u00e9es au syst\u00e8me d&rsquo;asile et d&rsquo;immigration du Canada"},"content":{"rendered":"<p><br \/>\n<\/p>\n<div>\n<p class=\"font-claude-response-body break-words whitespace-normal leading-[1.7]\">Si vous avez suivi l&rsquo;actualit\u00e9 de l&rsquo;immigration au Canada r\u00e9cemment, vous avez probablement entendu parler de <strong>Projet de loi C-12<\/strong>. Cela a fait la une des journaux du monde entier et pour cause.<\/p>\n<p class=\"font-claude-response-body break-words whitespace-normal leading-[1.7]\">Sur <strong>26 mars 2026<\/strong>le projet de loi canadien C-12, officiellement connu sous le nom de <em><strong>Loi renfor\u00e7ant le syst\u00e8me d&rsquo;immigration et les fronti\u00e8res du Canada<\/strong><\/em>a re\u00e7u la sanction royale et est devenue loi. Il s&rsquo;agit de l&rsquo;un des changements les plus importants apport\u00e9s au syst\u00e8me d&rsquo;immigration et d&rsquo;asile du Canada au cours des derni\u00e8res ann\u00e9es.<\/p>\n<p class=\"font-claude-response-body break-words whitespace-normal leading-[1.7]\">Mais qu\u2019est-ce que cela signifie r\u00e9ellement pour vous, surtout si vous \u00eates un \u00e9tudiant indien, un travailleur qualifi\u00e9 ou quelqu\u2019un qui envisage de d\u00e9m\u00e9nager au Canada ?<\/p>\n<h3 class=\"text-text-100 mt-3 -mb-1 text-[1.125rem] font-bold\">Qu&rsquo;est-ce que le projet de loi C-12<\/h3>\n<p class=\"font-claude-response-body break-words whitespace-normal leading-[1.7]\">Le projet de loi C-12 est une nouvelle loi canadienne pr\u00e9sent\u00e9e par le gouvernement du premier ministre Mark Carney pour\u00a0:<\/p>\n<ul class=\"[li_&amp;]:mb-0 [li_&amp;]:mt-1 [li_&amp;]:gap-1 [&amp;:not(:last-child)_ul]:pb-1 [&amp;:not(:last-child)_ol]:pb-1 list-disc flex flex-col gap-1 pl-8 mb-3\">\n<li class=\"whitespace-normal break-words pl-2\">Renforcer la s\u00e9curit\u00e9 des fronti\u00e8res du Canada<\/li>\n<li class=\"whitespace-normal break-words pl-2\">R\u00e9duire la pression sur le syst\u00e8me d\u2019asile et de statut de r\u00e9fugi\u00e9<\/li>\n<li class=\"whitespace-normal break-words pl-2\">Moderniser la fa\u00e7on dont les documents et les demandes d\u2019immigration sont g\u00e9r\u00e9s<\/li>\n<li class=\"whitespace-normal break-words pl-2\">Am\u00e9liorer le partage d\u2019informations entre les minist\u00e8res<\/li>\n<\/ul>\n<p class=\"font-claude-response-body break-words whitespace-normal leading-[1.7]\">Le projet de loi a \u00e9t\u00e9 pr\u00e9sent\u00e9 pour la premi\u00e8re fois au Parlement le <strong>8 octobre 2025<\/strong>a adopt\u00e9 la Chambre des communes le <strong>11 d\u00e9cembre 2025<\/strong>a autoris\u00e9 le S\u00e9nat le <strong>12 mars 2026<\/strong>et est finalement devenu une loi sur <strong>26 mars 2026<\/strong>.<\/p>\n<p class=\"font-claude-response-body break-words whitespace-normal leading-[1.7]\">Le gouvernement du Canada a pr\u00e9sent\u00e9 le projet de loi C-12 pour renforcer la s\u00e9curit\u00e9 aux fronti\u00e8res, lutter contre le crime organis\u00e9 et moderniser les contr\u00f4les d&rsquo;immigration afin d&rsquo;assurer la s\u00e9curit\u00e9 des Canadiens. <span class=\"inline-flex\" data-state=\"closed\"><a class=\"group\/tag relative h-[18px] rounded-full inline-flex items-center overflow-hidden -translate-y-px cursor-pointer\" href=\"https:\/\/www.canada.ca\/en\/public-safety-canada\/news\/2025\/10\/government-of-canada-introduces-new-streamlined-legislation-to-strengthen-border-security-and-keep-canadians-safe.html\" target=\"_blank\" rel=\"noopener\"><span class=\"relative transition-colors h-full max-w-[180px] overflow-hidden px-1.5 inline-flex items-center font-small rounded-full border-0.5 border-border-300 bg-bg-200 group-hover\/tag:bg-accent-900 group-hover\/tag:border-accent-100\/60\"><span class=\"text-nowrap text-text-300 break-all truncate font-normal group-hover\/tag:text-text-200\">Source<\/span><\/span><\/a><\/span><\/p>\n<p class=\"font-claude-response-body break-words whitespace-normal leading-[1.7]\">Il est important de comprendre que le projet de loi C-12 cible principalement <strong>syst\u00e8me d&rsquo;asile et de r\u00e9fugi\u00e9s,<\/strong> pas les voies d&rsquo;immigration habituelles comme Entr\u00e9e express, les visas d&rsquo;\u00e9tudes ou les permis de travail.<\/p>\n<h2 class=\"text-text-100 mt-3 -mb-1 text-[1.125rem] font-bold\">Pourquoi le Canada a-t-il pr\u00e9sent\u00e9 le projet de loi C-12<\/h2>\n<p class=\"font-claude-response-body break-words whitespace-normal leading-[1.7]\">Le Canada fait face \u00e0 une pression croissante sur son syst\u00e8me d\u2019immigration et d\u2019asile depuis quelques ann\u00e9es. Apr\u00e8s la COVID-19, il y a eu une augmentation massive des demandes d\u2019immigration, des \u00e9tudiants, des travailleurs et des demandeurs d\u2019asile.<\/p>\n<p class=\"font-claude-response-body break-words whitespace-normal leading-[1.7]\">Le r\u00e9sultat ? De longs arri\u00e9r\u00e9s, une surcharge du syst\u00e8me et une frustration croissante du public face \u00e0 la p\u00e9nurie de logements et \u00e0 la hausse du co\u00fbt de la vie.<\/p>\n<p class=\"font-claude-response-body break-words whitespace-normal leading-[1.7]\">La ministre de l&rsquo;Immigration, Lena Metlege Diab, a d\u00e9clar\u00e9 au comit\u00e9 s\u00e9natorial que 37 % des demandes d&rsquo;asile d\u00e9pos\u00e9es entre juin et octobre 2025, soit environ 19\u00a0000 sur 50\u00a0000 demandes, devraient \u00eatre concern\u00e9es par les nouvelles r\u00e8gles. <span class=\"inline-flex\" data-state=\"closed\"><a class=\"group\/tag relative h-[18px] rounded-full inline-flex items-center overflow-hidden -translate-y-px cursor-pointer\" href=\"https:\/\/immigrationnewscanada.ca\/new-canada-immigration-bill-c-12-passed\/\" target=\"_blank\" rel=\"noopener\"><span class=\"relative transition-colors h-full max-w-[180px] overflow-hidden px-1.5 inline-flex items-center font-small rounded-full border-0.5 border-border-300 bg-bg-200 group-hover\/tag:bg-accent-900 group-hover\/tag:border-accent-100\/60\"><span class=\"text-nowrap text-text-300 break-all truncate font-normal group-hover\/tag:text-text-200\">Source<\/span><\/span><\/a><\/span><\/p>\n<p class=\"font-claude-response-body break-words whitespace-normal leading-[1.7]\">De plus, les \u00c9tats-Unis ont exerc\u00e9 des pressions sous la pr\u00e9sidence de Donald Trump, qui a accus\u00e9 le Canada de mal g\u00e9rer sa fronti\u00e8re commune. Les projets de loi C-2 et C-12 ont \u00e9t\u00e9 pr\u00e9sent\u00e9s \u00e0 la suite de pressions importantes du pr\u00e9sident am\u00e9ricain Donald Trump, qui accusait le Canada de ne pas avoir d\u00e9fendu ad\u00e9quatement sa fronti\u00e8re commune et mena\u00e7ait d&rsquo;imposer des tarifs douaniers. <span class=\"inline-flex\" data-state=\"closed\"><a class=\"group\/tag relative h-[18px] rounded-full inline-flex items-center overflow-hidden -translate-y-px cursor-pointer\" href=\"https:\/\/www.jurist.org\/news\/2025\/10\/canadas-bill-c-12-condemned-over-failure-to-address-human-rights-concerns\/\" target=\"_blank\" rel=\"noopener\"><span class=\"relative transition-colors h-full max-w-[180px] overflow-hidden px-1.5 inline-flex items-center font-small rounded-full border-0.5 border-border-300 bg-bg-200 group-hover\/tag:bg-accent-900 group-hover\/tag:border-accent-100\/60\"><span class=\"text-nowrap text-text-300 break-all truncate font-normal group-hover\/tag:text-text-200\">Source<\/span><\/span><\/a><\/span><\/p>\n<p class=\"font-claude-response-body break-words whitespace-normal leading-[1.7]\">La r\u00e9ponse du gouvernement canadien a \u00e9t\u00e9 cette loi : des r\u00e8gles plus strictes, un traitement plus rapide et des contr\u00f4les aux fronti\u00e8res plus stricts.<\/p>\n<h2 class=\"text-text-100 mt-3 -mb-1 text-[1.125rem] font-bold\">Les 4 grands changements apport\u00e9s par le projet de loi C-12<\/h2>\n<p class=\"font-claude-response-body break-words whitespace-normal leading-[1.7]\">Le projet de loi C-12 renforce les syst\u00e8mes d&rsquo;immigration et d&rsquo;asile du Canada dans 4 domaines cl\u00e9s\u00a0:<\/p>\n<h3 class=\"text-text-100 mt-2 -mb-1 text-base font-bold\">Changement 1\u00a0: nouvelles r\u00e8gles d&rsquo;\u00e9ligibilit\u00e9 \u00e0 l&rsquo;asile<\/h3>\n<p class=\"font-claude-response-body break-words whitespace-normal leading-[1.7]\">Il s\u2019agit du changement le plus important et le plus controvers\u00e9 de tout le projet de loi.<\/p>\n<p class=\"font-claude-response-body break-words whitespace-normal leading-[1.7]\">Deux nouveaux crit\u00e8res d&rsquo;admissibilit\u00e9 sont d\u00e9sormais en vigueur et s&rsquo;appliquent \u00e0 toutes les demandes pr\u00e9sent\u00e9es \u00e0 compter du 3 juin 2025. Les demandes d&rsquo;asile pr\u00e9sent\u00e9es plus d&rsquo;un an apr\u00e8s la premi\u00e8re entr\u00e9e d&rsquo;une personne au Canada apr\u00e8s le 24 juin 2020 ne seront pas renvoy\u00e9es \u00e0 la Commission de l&rsquo;immigration et du statut de r\u00e9fugi\u00e9 du Canada, que la personne soit partie ou soit revenue depuis. Les demandes d&rsquo;asile des personnes qui entrent au Canada entre les points d&rsquo;entr\u00e9e le long de la fronti\u00e8re terrestre canado-am\u00e9ricaine et qui pr\u00e9sentent une demande apr\u00e8s 14 jours ne seront pas non plus renvoy\u00e9es \u00e0 la CISR.<\/p>\n<p class=\"font-claude-response-body break-words whitespace-normal leading-[1.7]\">En termes simples\u00a0:<\/p>\n<ul class=\"[li_&amp;]:mb-0 [li_&amp;]:mt-1 [li_&amp;]:gap-1 [&amp;:not(:last-child)_ul]:pb-1 [&amp;:not(:last-child)_ol]:pb-1 list-disc flex flex-col gap-1 pl-8 mb-3\">\n<li class=\"whitespace-normal break-words pl-2\">Si vous \u00eates entr\u00e9 au Canada apr\u00e8s juin 2020 et avez attendu <strong>plus d&rsquo;un an<\/strong> pour d\u00e9poser une demande d&rsquo;asile, vous n&rsquo;obtiendrez PAS une audience compl\u00e8te de la CISR<\/li>\n<li class=\"whitespace-normal break-words pl-2\">Si vous avez travers\u00e9 la fronti\u00e8re canado-am\u00e9ricaine de fa\u00e7on irr\u00e9guli\u00e8re et avez attendu <strong>plus de 14 jours<\/strong> pour d\u00e9poser, vous n&rsquo;obtiendrez PAS une audience compl\u00e8te de la CISR<\/li>\n<\/ul>\n<p class=\"font-claude-response-body break-words whitespace-normal leading-[1.7]\"><strong>Mais vous n\u2019\u00eates pas totalement sans protection.<\/strong> Les personnes touch\u00e9es par ces nouvelles r\u00e8gles auront toujours acc\u00e8s \u00e0 une \u00e9valuation des risques avant renvoi (ERAR) pour \u00e9viter qu&rsquo;elles ne soient renvoy\u00e9es vers un pays o\u00f9 elles courent des risques comme la pers\u00e9cution, la torture ou d&rsquo;autres pr\u00e9judices.<\/p>\n<h3 class=\"text-text-100 mt-2 -mb-1 text-base font-bold\">Changement 2\u00a0:\u00a0Processus d&rsquo;asile modernis\u00e9<\/h3>\n<p class=\"font-claude-response-body break-words whitespace-normal leading-[1.7]\">Au-del\u00e0 des r\u00e8gles d\u2019\u00e9ligibilit\u00e9, le gouvernement revoit \u00e9galement la mani\u00e8re dont les demandes d\u2019asile sont trait\u00e9es du d\u00e9but \u00e0 la fin.<\/p>\n<p class=\"font-claude-response-body break-words whitespace-normal leading-[1.7]\">Ces changements simplifieront le processus de demande en ligne et r\u00e9duiront le besoin de r\u00e9pondre \u00e0 des questions en double et de remplir plusieurs formulaires, de renvoyer uniquement les demandes compl\u00e8tes et pr\u00eates \u00e0 \u00eatre planifi\u00e9es \u00e0 la CISR pour acc\u00e9l\u00e9rer les d\u00e9cisions, de garantir que la CISR ne statue sur les demandes que lorsque le demandeur est physiquement pr\u00e9sent au Canada, de supprimer les cas inactifs du syst\u00e8me et d&rsquo;acc\u00e9l\u00e9rer les d\u00e9parts volontaires en rendant les mesures de renvoi effectives le jour m\u00eame du retrait de la demande.<\/p>\n<p class=\"font-claude-response-body break-words whitespace-normal leading-[1.7]\">L\u2019objectif est de cr\u00e9er un syst\u00e8me plus rapide, plus simple et moins encombr\u00e9, qui concentre les ressources sur les r\u00e9clamations authentiques et supprime les dossiers qui ont \u00e9t\u00e9 abandonn\u00e9s ou sont utilis\u00e9s pour retarder le renvoi.<\/p>\n<h3 class=\"text-text-100 mt-2 -mb-1 text-base font-bold\">Changement 3\u00a0: partage d&rsquo;informations nationales<\/h3>\n<p class=\"font-claude-response-body break-words whitespace-normal leading-[1.7]\">Ce changement est moins radical mais reste important pour les candidats soucieux de leur vie priv\u00e9e.<\/p>\n<p class=\"font-claude-response-body break-words whitespace-normal leading-[1.7]\">IRCC dispose d\u00e9sormais d\u2019un pouvoir l\u00e9gal clair pour partager certains renseignements personnels au sein du minist\u00e8re et avec des partenaires gouvernementaux nationaux. Ces nouveaux pouvoirs permettent \u00e0 IRCC de partager l&rsquo;identit\u00e9, le statut et les documents d\u00e9livr\u00e9s par IRCC avec des partenaires gouvernementaux f\u00e9d\u00e9raux, provinciaux et territoriaux au moyen d&rsquo;accords \u00e9crits de partage d&rsquo;informations, et facilitent le partage des informations sur les clients entre ses propres programmes, par exemple en utilisant les donn\u00e9es des demandes de r\u00e9sidence permanente pour traiter les demandes de citoyennet\u00e9.<\/p>\n<p class=\"font-claude-response-body break-words whitespace-normal leading-[1.7]\">Le gouvernement a confirm\u00e9 que ces nouveaux pouvoirs en mati\u00e8re de partage d&rsquo;informations s&rsquo;accompagnent de garanties de confidentialit\u00e9 int\u00e9gr\u00e9es en vertu de la Charte canadienne des droits et libert\u00e9s. Les informations ne peuvent \u00eatre partag\u00e9es qu\u2019\u00e0 des fins sp\u00e9cifiques et approuv\u00e9es, et les provinces ne peuvent pas les transmettre \u00e0 d\u2019autres pays sans l\u2019autorisation \u00e9crite d\u2019IRCC.<\/p>\n<h3 class=\"text-text-100 mt-2 -mb-1 text-base font-bold\">Changement 4\u00a0:\u00a0Autorit\u00e9s charg\u00e9es des documents d&rsquo;immigration et des demandes<\/h3>\n<p class=\"font-claude-response-body break-words whitespace-normal leading-[1.7]\">Il s\u2019agit d\u2019un nouveau pouvoir important accord\u00e9 au gouvernement canadien qui a fait sourciller les experts en immigration.<\/p>\n<p class=\"font-claude-response-body break-words whitespace-normal leading-[1.7]\">Lorsque cela est dans l\u2019int\u00e9r\u00eat public, IRCC peut annuler, suspendre ou modifier un grand groupe de documents d\u2019immigration, suspendre la r\u00e9ception des demandes ou annuler ou suspendre le traitement des demandes. Les motifs d\u2019int\u00e9r\u00eat public comprennent la fraude, les erreurs administratives ou les pr\u00e9occupations concernant la sant\u00e9 publique, la s\u00fbret\u00e9 ou la s\u00e9curit\u00e9 nationale.<\/p>\n<p class=\"font-claude-response-body break-words whitespace-normal leading-[1.7]\">Cela signifie <strong>permis d&rsquo;\u00e9tudes<\/strong>les permis de travail et les visas pourraient th\u00e9oriquement \u00eatre annul\u00e9s en masse en cas d\u2019urgence ou de situation de s\u00e9curit\u00e9 nationale.<\/p>\n<p class=\"font-claude-response-body break-words whitespace-normal leading-[1.7]\"><strong>Il existe cependant une garantie importante\u00a0:<\/strong> la d\u00e9cision ne peut pas \u00eatre prise par un seul ministre ; chaque d\u00e9cision doit \u00eatre approuv\u00e9e par le gouverneur en conseil au moyen d&rsquo;un d\u00e9cret recommand\u00e9 par le Cabinet.<\/p>\n<p class=\"font-claude-response-body break-words whitespace-normal leading-[1.7]\"><strong>A noter \u00e9galement :<\/strong> les autorit\u00e9s n&rsquo;influencent pas les demandes d&rsquo;asile et ne donnent pas au gouvernement le pouvoir d&rsquo;accorder, de modifier ou de r\u00e9voquer le statut, tel que le statut de r\u00e9sident permanent et de r\u00e9sident temporaire.<\/p>\n<h3 class=\"text-text-100 mt-3 -mb-1 text-[1.125rem] font-bold\">Qu&rsquo;est-ce que cela signifie pour les \u00e9tudiants indiens et les immigrants ?<\/h3>\n<p class=\"font-claude-response-body break-words whitespace-normal leading-[1.7]\">C\u2019est la question qui pr\u00e9occupe la plupart de nos lecteurs. Voici la r\u00e9ponse honn\u00eate :<\/p>\n<p class=\"font-claude-response-body break-words whitespace-normal leading-[1.7]\"><strong>Si vous utilisez les voies d\u2019immigration r\u00e9guli\u00e8res, vous n\u2019\u00eates en grande partie pas affect\u00e9.<\/strong><\/p>\n<p class=\"font-claude-response-body break-words whitespace-normal leading-[1.7]\">Le projet de loi C-12 vise principalement le syst\u00e8me d&rsquo;asile et de statut de r\u00e9fugi\u00e9. Les voies suivantes restent totalement intactes\u00a0:<\/p>\n<ul class=\"[li_&amp;]:mb-0 [li_&amp;]:mt-1 [li_&amp;]:gap-1 [&amp;:not(:last-child)_ul]:pb-1 [&amp;:not(:last-child)_ol]:pb-1 list-disc flex flex-col gap-1 pl-8 mb-3\">\n<li class=\"whitespace-normal break-words pl-2\">Processus de visa et de permis d&rsquo;\u00e9tudes pour \u00e9tudiant canadien \u2014 inchang\u00e9<\/li>\n<li class=\"whitespace-normal break-words pl-2\">Syst\u00e8me de points Entr\u00e9e express et CRS \u2013 inchang\u00e9<\/li>\n<li class=\"whitespace-normal break-words pl-2\">Programmes des candidats des provinces (PCP) \u2014 inchang\u00e9<\/li>\n<li class=\"whitespace-normal break-words pl-2\">Processus de visa de travailleur qualifi\u00e9 et de permis de travail \u2013 inchang\u00e9<\/li>\n<li class=\"whitespace-normal break-words pl-2\">RP apr\u00e8s une exp\u00e9rience professionnelle qualifi\u00e9e \u2014 inchang\u00e9<\/li>\n<li class=\"whitespace-normal break-words pl-2\">Parcours de parrainage familial \u2014 inchang\u00e9s<\/li>\n<\/ul>\n<p class=\"font-claude-response-body break-words whitespace-normal leading-[1.7]\"><strong>Cependant, vous pourriez \u00eatre concern\u00e9 si :<\/strong><\/p>\n<ul class=\"[li_&amp;]:mb-0 [li_&amp;]:mt-1 [li_&amp;]:gap-1 [&amp;:not(:last-child)_ul]:pb-1 [&amp;:not(:last-child)_ol]:pb-1 list-disc flex flex-col gap-1 pl-8 mb-3\">\n<li class=\"whitespace-normal break-words pl-2\">Vous \u00eates entr\u00e9 au Canada apr\u00e8s juin 2020 avec un visa d&rsquo;\u00e9tudiant ou de travail, et votre statut a depuis expir\u00e9, et vous envisagez maintenant l&rsquo;asile comme plan de secours.<\/li>\n<li class=\"whitespace-normal break-words pl-2\">Vous avez travers\u00e9 irr\u00e9guli\u00e8rement la fronti\u00e8re entre les \u00c9tats-Unis et le Canada et avez retard\u00e9 le d\u00e9p\u00f4t d&rsquo;une demande d&rsquo;asile<\/li>\n<li class=\"whitespace-normal break-words pl-2\">Vous \u00eates actuellement en attente d&rsquo;une audience devant la CISR et \u00eates entr\u00e9 au Canada il y a plus d&rsquo;un an.<\/li>\n<\/ul>\n<p class=\"font-claude-response-body break-words whitespace-normal leading-[1.7]\">Si l&rsquo;une de ces situations s&rsquo;applique \u00e0 vous, veuillez <strong>consulter un consultant en immigration agr\u00e9\u00e9<\/strong> imm\u00e9diatement. N&rsquo;attendez pas.<\/p>\n<h3>Chiffres cl\u00e9s \u00e0 conna\u00eetre<\/h3>\n<div style=\"overflow-x: auto;\">\n<table style=\"width: 588px; border-collapse: collapse; font-family: Arial, sans-serif; height: 393px;\">\n<tbody>\n<tr>\n<th style=\"border: 1px solid #ccc; padding: 12px; background: #0f4c5c; color: #fff; text-align: left;\">Fait cl\u00e9<\/th>\n<th style=\"border: 1px solid #ccc; padding: 12px; background: #0f4c5c; color: #fff; text-align: left;\">Num\u00e9ro \/ D\u00e9tail<\/th>\n<\/tr>\n<tr>\n<td style=\"border: 1px solid #ccc; padding: 12px;\">Date \u00e0 laquelle le projet de loi C-12 est devenu loi<\/td>\n<td style=\"border: 1px solid #ccc; padding: 12px;\">26 mars 2026<\/td>\n<\/tr>\n<tr>\n<td style=\"border: 1px solid #ccc; padding: 12px;\">Demandes d&rsquo;asile concern\u00e9es (juin-octobre 2025)<\/td>\n<td style=\"border: 1px solid #ccc; padding: 12px;\">~19 000 sur 50 000<\/td>\n<\/tr>\n<tr>\n<td style=\"border: 1px solid #ccc; padding: 12px;\">Pourcentage de sinistres concern\u00e9s<\/td>\n<td style=\"border: 1px solid #ccc; padding: 12px;\">37%<\/td>\n<\/tr>\n<tr>\n<td style=\"border: 1px solid #ccc; padding: 12px;\">Indiens qui ont obtenu des relations publiques au Canada en 2025<\/td>\n<td style=\"border: 1px solid #ccc; padding: 12px;\">94 000+<\/td>\n<\/tr>\n<tr>\n<td style=\"border: 1px solid #ccc; padding: 12px;\">Objectif annuel de relations publiques du Canada (2026)<\/td>\n<td style=\"border: 1px solid #ccc; padding: 12px;\">380 000<\/td>\n<\/tr>\n<tr>\n<td style=\"border: 1px solid #ccc; padding: 12px;\">Fen\u00eatre de r\u00e9clamation d\u2019entr\u00e9e irr\u00e9guli\u00e8re<\/td>\n<td style=\"border: 1px solid #ccc; padding: 12px;\">14 jours<\/td>\n<\/tr>\n<tr>\n<td style=\"border: 1px solid #ccc; padding: 12px;\">D\u00e9lai pour les demandes d&rsquo;asile<\/td>\n<td style=\"border: 1px solid #ccc; padding: 12px;\">1 an \u00e0 compter de l&rsquo;entr\u00e9e<\/td>\n<\/tr>\n<\/tbody>\n<\/table>\n<\/div>\n<h2>La controverse\u00a0: ce que disent les critiques<\/h2>\n<p class=\"font-claude-response-body break-words whitespace-normal leading-[1.7]\">Le projet de loi C-12 a suscit\u00e9 une vive condamnation de la part des organisations de d\u00e9fense des droits de la personne du monde entier. Plus de deux douzaines d\u2019organisations \u2013 dont Amnesty International Canada, l\u2019Association canadienne des libert\u00e9s civiles et le Conseil canadien pour les r\u00e9fugi\u00e9s \u2013 ont averti que la loi exposerait des milliers de personnes \u00e0 des risques de pers\u00e9cution, de violence et de pr\u00e9carit\u00e9.<\/p>\n<p class=\"font-claude-response-body break-words whitespace-normal leading-[1.7]\">Les critiques soutiennent que la r\u00e8gle d&rsquo;un an est trop stricte et bloque injustement les v\u00e9ritables r\u00e9fugi\u00e9s qui ont retard\u00e9 leur d\u00e9p\u00f4t en raison de la peur, d&rsquo;un traumatisme ou d&rsquo;un manque de connaissances juridiques. Le Comit\u00e9 des droits de l&rsquo;homme des Nations Unies a \u00e9galement averti que le projet de loi C-12 pourrait affaiblir la protection des r\u00e9fugi\u00e9s, exhortant le Canada \u00e0 garantir que toutes les personnes demandant une protection internationale aient acc\u00e8s \u00e0 des proc\u00e9dures justes et efficaces.<\/p>\n<p class=\"font-claude-response-body break-words whitespace-normal leading-[1.7]\">Les groupes de d\u00e9fense des droits ont en outre d\u00e9crit la l\u00e9gislation comme reproduisant le sentiment et les politiques anti-migrants \u00e0 l&rsquo;instar des \u00c9tats-Unis au Canada.<\/p>\n<p class=\"font-claude-response-body break-words whitespace-normal leading-[1.7]\">Le gouvernement canadien maintient cependant que la loi est n\u00e9cessaire pour prot\u00e9ger l&rsquo;int\u00e9grit\u00e9 du syst\u00e8me d&rsquo;immigration et pr\u00e9venir les abus.<\/p>\n<h2 class=\"text-text-100 mt-3 -mb-1 text-[1.125rem] font-bold\">Que devez-vous faire maintenant\u00a0?<\/h2>\n<p class=\"font-claude-response-body break-words whitespace-normal leading-[1.7]\">Que vous soyez un \u00e9tudiant pr\u00e9voyant partir au Canada, un professionnel titulaire d&rsquo;un permis de travail ou une personne vivant d\u00e9j\u00e0 l\u00e0-bas, voici votre liste de contr\u00f4le d&rsquo;action :<\/p>\n<ul>\n<li class=\"font-claude-response-body break-words whitespace-normal leading-[1.7]\"><strong>Si vous disposez d&rsquo;un permis d&rsquo;\u00e9tudes ou de travail valide, <\/strong>restez conforme aux conditions de votre visa. Renouveler \u00e0 temps. Le projet de loi C-12 ne vous concerne pas directement.<\/li>\n<li class=\"font-claude-response-body break-words whitespace-normal leading-[1.7]\"><strong>Si vous envisagez de demander un visa d&rsquo;\u00e9tudes canadien, <\/strong>le processus est inchang\u00e9. Commencez votre candidature t\u00f4t, pr\u00e9parez soigneusement vos documents et <strong>travailler avec un consultant fiable<\/strong>.<\/li>\n<li class=\"font-claude-response-body break-words whitespace-normal leading-[1.7]\"><strong>Si vous postulez pour RP via Entr\u00e9e express ou PNP<\/strong>continuez votre processus normalement. Ces voies ne sont absolument pas touch\u00e9es par le projet de loi C-12.<\/li>\n<li class=\"font-claude-response-body break-words whitespace-normal leading-[1.7]\"><strong>Si votre statut d&rsquo;immigration est expir\u00e9 ou est sur le point d&rsquo;expirer<\/strong>agissez imm\u00e9diatement. Ne comptez pas sur l\u2019asile comme option de secours. Consultez imm\u00e9diatement un expert en immigration agr\u00e9\u00e9.<\/li>\n<li class=\"font-claude-response-body break-words whitespace-normal leading-[1.7]\"><strong>Si vous \u00eates entr\u00e9 au Canada apr\u00e8s juin 2020 et que vous n&rsquo;avez pas d\u00e9pos\u00e9 de demande d&rsquo;asile<\/strong>sachez que la r\u00e8gle d&rsquo;\u00e9ligibilit\u00e9 d&rsquo;un an s&rsquo;applique d\u00e9sormais \u00e0 vous. Demandez un avis juridique d\u00e8s que possible.<\/li>\n<\/ul>\n<h2 class=\"text-text-100 mt-2 -mb-1 text-base font-bold\">Vous vous inqui\u00e9tez de l&rsquo;impact du projet de loi C-12 sur vos projets pour le Canada\u00a0?<\/h2>\n<p class=\"font-claude-response-body break-words whitespace-normal leading-[1.7]\">Les r\u00e8gles d&rsquo;immigration du Canada \u00e9voluent plus rapidement que jamais. Un d\u00e9lai non respect\u00e9 ou une mauvaise \u00e9tape peut mettre l\u2019ensemble de votre candidature en danger. \u00c0 <strong>Passerelle \u00e0 l&rsquo;\u00e9tranger<\/strong>nos consultants experts suivent chaque mise \u00e0 jour de politique, y compris le projet de loi C-12, afin que vous disposiez toujours des conseils les plus r\u00e9cents et les plus pr\u00e9cis.<\/p>\n<h3 class=\"font-claude-response-body break-words whitespace-normal leading-[1.7]\">Nous aidons les \u00e9tudiants et les professionnels indiens avec\u00a0:<\/h3>\n<ul>\n<li class=\"font-claude-response-body break-words whitespace-pre-wrap leading-[1.7]\">Demandes de visa d&rsquo;\u00e9tudes et de permis d&rsquo;\u00e9tudiant au Canada<\/li>\n<li class=\"font-claude-response-body break-words whitespace-pre-wrap leading-[1.7]\">Aide \u00e0 la pr\u00e9s\u00e9lection et \u00e0 l&rsquo;admission des universit\u00e9s<\/li>\n<li class=\"font-claude-response-body break-words whitespace-pre-wrap leading-[1.7]\">Planification du parcours Entr\u00e9e express et relations publiques<\/li>\n<li class=\"font-claude-response-body break-words whitespace-pre-wrap leading-[1.7]\">Visa de travail post-\u00e9tudes et conseils en mati\u00e8re d&rsquo;immigration<\/li>\n<li class=\"font-claude-response-body break-words whitespace-pre-wrap leading-[1.7]\">Assistance de bout en bout \u2013 de la candidature \u00e0 l\u2019arriv\u00e9e<\/li>\n<\/ul>\n<p class=\"font-claude-response-body break-words whitespace-normal leading-[1.7]\"><strong>R\u00e9servez votre consultation GRATUITE au Canada d\u00e8s aujourd\u2019hui.<\/strong> Ne laissez pas les changements de r\u00e8gles vous perturber ou vous retarder. Laissez nos experts vous guider \u2014 clairement, honn\u00eatement et \u00e9tape par \u00e9tape.<\/p>\n<\/p><\/div>\n\n<!--CusAds0-->\n<div style=\"font-size: 0px; height: 0px; line-height: 0px; margin: 0; padding: 0; clear: both;\"><\/div>","protected":false},"excerpt":{"rendered":"<p>Si vous avez suivi l&rsquo;actualit\u00e9 de l&rsquo;immigration au Canada r\u00e9cemment, vous avez probablement entendu parler de Projet de loi C-12. Cela a fait la une des journaux du monde entier et pour cause. Sur 26 mars 2026le projet de loi canadien C-12, officiellement connu sous le nom de Loi renfor\u00e7ant le syst\u00e8me d&rsquo;immigration et les [&hellip;]<\/p>\n","protected":false},"author":1,"featured_media":9523,"comment_status":"open","ping_status":"open","sticky":false,"template":"","format":"standard","meta":{"_kadence_starter_templates_imported_post":false,"_glsr_average":0,"_glsr_ranking":0,"_glsr_reviews":0,"footnotes":""},"categories":[17],"tags":[],"class_list":["post-9522","post","type-post","status-publish","format-standard","has-post-thumbnail","hentry","category-actualite"],"_links":{"self":[{"href":"https:\/\/www.lepaysservices.com\/en\/wp-json\/wp\/v2\/posts\/9522","targetHints":{"allow":["GET"]}}],"collection":[{"href":"https:\/\/www.lepaysservices.com\/en\/wp-json\/wp\/v2\/posts"}],"about":[{"href":"https:\/\/www.lepaysservices.com\/en\/wp-json\/wp\/v2\/types\/post"}],"author":[{"embeddable":true,"href":"https:\/\/www.lepaysservices.com\/en\/wp-json\/wp\/v2\/users\/1"}],"replies":[{"embeddable":true,"href":"https:\/\/www.lepaysservices.com\/en\/wp-json\/wp\/v2\/comments?post=9522"}],"version-history":[{"count":0,"href":"https:\/\/www.lepaysservices.com\/en\/wp-json\/wp\/v2\/posts\/9522\/revisions"}],"wp:featuredmedia":[{"embeddable":true,"href":"https:\/\/www.lepaysservices.com\/en\/wp-json\/wp\/v2\/media\/9523"}],"wp:attachment":[{"href":"https:\/\/www.lepaysservices.com\/en\/wp-json\/wp\/v2\/media?parent=9522"}],"wp:term":[{"taxonomy":"category","embeddable":true,"href":"https:\/\/www.lepaysservices.com\/en\/wp-json\/wp\/v2\/categories?post=9522"},{"taxonomy":"post_tag","embeddable":true,"href":"https:\/\/www.lepaysservices.com\/en\/wp-json\/wp\/v2\/tags?post=9522"}],"curies":[{"name":"wp","href":"https:\/\/api.w.org\/{rel}","templated":true}]}}