
{"id":9507,"date":"2026-04-19T01:26:32","date_gmt":"2026-04-18T23:26:32","guid":{"rendered":"https:\/\/www.lepaysservices.com\/le-canada-reduit-de-plus-de-moitie-les-arrivees-de-travailleurs-temporaires-en-deux-ans\/"},"modified":"2026-04-19T01:26:32","modified_gmt":"2026-04-18T23:26:32","slug":"le-canada-reduit-de-plus-de-moitie-les-arrivees-de-travailleurs-temporaires-en-deux-ans","status":"publish","type":"post","link":"https:\/\/www.lepaysservices.com\/en\/le-canada-reduit-de-plus-de-moitie-les-arrivees-de-travailleurs-temporaires-en-deux-ans\/","title":{"rendered":"Le Canada r\u00e9duit de plus de moiti\u00e9 les arriv\u00e9es de travailleurs temporaires en deux ans"},"content":{"rendered":"<p><br \/>\n<\/p>\n<div> <\/p>\n<h3 class=\"wp-block-heading\">Sur cette page, vous trouverez<\/h3>\n<ul class=\"wp-block-list\">\n<li>Une r\u00e9partition des arriv\u00e9es de travailleurs temporaires en baisse<\/li>\n<li>Principales tendances dans les programmes de TET et d&rsquo;IMP<\/li>\n<li>Qu\u2019est-ce qui explique la baisse des chiffres<\/li>\n<li>Mod\u00e8les saisonniers et ce qu&rsquo;ils montrent<\/li>\n<li>Ce que cela signifie pour les employeurs et les immigrants<\/li>\n<\/ul>\n<hr class=\"wp-block-separator has-alpha-channel-opacity\"\/>\n<p>Le Canada a consid\u00e9rablement r\u00e9duit le nombre de nouveaux travailleurs temporaires entrant dans le pays, les arriv\u00e9es dans le cadre des programmes cl\u00e9s ayant diminu\u00e9 de plus de moiti\u00e9 depuis le d\u00e9but de 2024. Les derni\u00e8res donn\u00e9es f\u00e9d\u00e9rales indiquent un changement de politique clair et durable visant \u00e0 resserrer les niveaux d&rsquo;immigration temporaire.<\/p>\n<h2 class=\"wp-block-heading\">Une forte baisse dans les deux principaux flux de travailleurs<\/h2>\n<p>Les donn\u00e9es montrent une baisse spectaculaire des arriv\u00e9es dans le cadre du Programme des travailleurs \u00e9trangers temporaires et du Programme de mobilit\u00e9 internationale.<\/p>\n<p>En janvier 2024, le Canada a accueilli 6\u00a0525 travailleurs \u00e9trangers temporaires. En janvier 2026, ce nombre \u00e9tait tomb\u00e9 \u00e0 seulement 2\u00a0675. Cela repr\u00e9sente une baisse de pr\u00e8s de 60 pour cent.<\/p>\n<figure class=\"wp-block-image size-full\"><img fetchpriority=\"high\" fetchpriority=\"high\" decoding=\"async\" width=\"640\" height=\"480\" alt=\"\" class=\"wp-image-329167\"   src=\"https:\/\/www.lepaysservices.com\/wp-content\/uploads\/2026\/04\/image-4.png\"\/><\/figure>\n<p>Le programme de mobilit\u00e9 internationale a connu une contraction encore plus forte. Les arriv\u00e9es mensuelles sont pass\u00e9es de 26\u00a0620 en janvier 2024 \u00e0 9\u00a0175 en janvier 2026, soit une baisse d\u2019environ 65 pour cent.<\/p>\n<p>La tendance est constante sur toute la p\u00e9riode. Alors que le d\u00e9but de 2024 a \u00e9t\u00e9 marqu\u00e9 par de forts afflux, en particulier au cours des mois du printemps, les chiffres ont diminu\u00e9 r\u00e9guli\u00e8rement jusqu\u2019\u00e0 la fin de 2024 et ont encore diminu\u00e9 tout au long de 2025.<\/p>\n<h2 class=\"wp-block-heading\">Pic de 2024 suivi d\u2019un resserrement soutenu<\/h2>\n<p>Le premier semestre 2024 semble d\u00e9sormais marquer un point culminant avant l\u2019entr\u00e9e en vigueur des changements politiques.<\/p>\n<p>En mars 2024, le nombre d&rsquo;arriv\u00e9es dans le cadre du Programme de mobilit\u00e9 internationale a bondi \u00e0 plus de 56\u00a0000, refl\u00e9tant probablement une combinaison de demande saisonni\u00e8re et d&rsquo;arri\u00e9r\u00e9s de traitement. Le nombre de travailleurs \u00e9trangers temporaires a \u00e9galement culmin\u00e9 en avril et mai 2024, \u00e0 plus de 10\u00a0000 par mois.<\/p>\n<p>Toutefois, \u00e0 partir de la mi-2024, les arriv\u00e9es ont commenc\u00e9 \u00e0 diminuer. Fin 2025, le total mensuel \u00e9tait tomb\u00e9 \u00e0 environ 2\u00a0000 \u00e0 3\u00a0000 pour les travailleurs \u00e9trangers temporaires et entre 7\u00a0000 et 11\u00a0000 pour les participants aux programmes de mobilit\u00e9.<\/p>\n<p>Cela sugg\u00e8re que le Canada a d\u00e9lib\u00e9r\u00e9ment r\u00e9duit les flux entrants plut\u00f4t que de conna\u00eetre une fluctuation \u00e0 court terme.<\/p>\n<h2 class=\"wp-block-heading\">Un nouveau niveau de r\u00e9f\u00e9rence plus bas pour l&rsquo;immigration temporaire<\/h2>\n<p>Fin 2025, les deux programmes semblent s\u2019\u00eatre stabilis\u00e9s \u00e0 des niveaux nettement inf\u00e9rieurs.<\/p>\n<p>Les arriv\u00e9es de travailleurs \u00e9trangers temporaires, qui d\u00e9passaient r\u00e9guli\u00e8rement les 10\u00a0000 par mois d\u00e9but 2024, se rapprochent d\u00e9sormais des 2\u00a0000 \u00e0 3\u00a0000. De m\u00eame, les arriv\u00e9es au titre du Programme de mobilit\u00e9 internationale se sont \u00e9tablies bien en dessous des normes pr\u00e9c\u00e9dentes.<\/p>\n<p>La tendance saisonni\u00e8re reste visible, avec des augmentations modestes au printemps et en \u00e9t\u00e9, mais le plafond global a consid\u00e9rablement baiss\u00e9. Cela t\u00e9moigne d\u2019une r\u00e9vision structurelle du nombre de travailleurs temporaires que le Canada est pr\u00eat \u00e0 admettre.<\/p>\n<h2 class=\"wp-block-heading\">Un changement de politique \u00e0 l\u2019origine du d\u00e9clin<\/h2>\n<p>Cette baisse s&rsquo;aligne \u00e9troitement sur les efforts f\u00e9d\u00e9raux visant \u00e0 r\u00e9duire le nombre de r\u00e9sidents temporaires au Canada.<\/p>\n<p>Ottawa a signal\u00e9 une \u00e9volution vers des niveaux d&rsquo;immigration plus contr\u00f4l\u00e9s et plus durables, en mettant particuli\u00e8rement l&rsquo;accent sur la r\u00e9duction de la pression sur le logement, les infrastructures et les services publics.<\/p>\n<p>Les mesures introduites depuis 2024 comprennent des r\u00e8gles plus strictes pour les employeurs qui embauchent dans le cadre du Programme des travailleurs \u00e9trangers temporaires, ainsi que des efforts plus larges pour limiter la croissance des populations de r\u00e9sidents temporaires.<\/p>\n<p>Les donn\u00e9es sugg\u00e8rent que ces politiques ont d\u00e9sormais un impact mesurable sur les arriv\u00e9es.<\/p>\n<h2 class=\"wp-block-heading\">Ce que cela signifie pour les employeurs et les immigrants<\/h2>\n<p>Pour les employeurs, la baisse des arriv\u00e9es est susceptible d\u2019accro\u00eetre la concurrence pour la main-d\u2019\u0153uvre, en particulier dans les secteurs qui d\u00e9pendent fortement des travailleurs \u00e9trangers temporaires. Les entreprises peuvent \u00eatre confront\u00e9es \u00e0 de plus grandes difficult\u00e9s pour pourvoir les postes, en particulier pendant les p\u00e9riodes saisonni\u00e8res de pointe.<\/p>\n<p>Pour les immigrants potentiels, la tendance indique moins de voies d\u2019entr\u00e9e par le biais du travail temporaire. En cons\u00e9quence, des programmes tels que les volets des candidats des provinces et les parcours de r\u00e9sidence permanente pourraient devenir plus importants.<\/p>\n<p>Les chiffres soulignent \u00e9galement un changement plus large dans la strat\u00e9gie d&rsquo;immigration du Canada. Apr\u00e8s des ann\u00e9es d\u2019expansion, l\u2019accent est d\u00e9sormais mis sur une gestion plus stricte des volumes.<\/p>\n<h2 class=\"wp-block-heading\">Un tournant dans l\u2019approche canadienne en mati\u00e8re d\u2019immigration<\/h2>\n<p>La baisse soutenue des arriv\u00e9es de travailleurs temporaires marque un tournant important. Le Canada n\u2019augmente plus les flux entrants pour r\u00e9pondre \u00e0 la demande de main-d\u2019\u0153uvre \u00e0 tout prix. Au lieu de cela, il r\u00e9duit activement ces chiffres pour s\u2019aligner sur des priorit\u00e9s \u00e9conomiques et sociales plus larges.<\/p>\n<p>Si les tendances actuelles se poursuivent, le niveau de r\u00e9f\u00e9rence plus bas observ\u00e9 \u00e0 la fin de 2025 et au d\u00e9but de 2026 pourrait repr\u00e9senter la nouvelle norme pour l\u2019immigration temporaire au Canada.<\/p>\n<hr class=\"wp-block-separator has-alpha-channel-opacity\"\/>\n<h2 class=\"wp-block-heading\">FAQ<\/h2>\n<div id=\"rank-math-faq\" class=\"rank-math-block\">\n<div class=\"rank-math-list \">\n<div id=\"faq-question-1776545587471\" class=\"rank-math-list-item\">\n<h3 class=\"rank-math-question \">Pourquoi les arriv\u00e9es de travailleurs temporaires au Canada diminuent-elles ?<\/h3>\n<div class=\"rank-math-answer \">\n<p>Le Canada r\u00e9duit activement le nombre de r\u00e9sidents temporaires pour all\u00e9ger la pression sur le logement et les services. Les changements politiques intervenus depuis 2024 ont resserr\u00e9 l\u2019acc\u00e8s aux permis de travail et limit\u00e9 le recours \u00e0 la main-d\u2019\u0153uvre \u00e9trang\u00e8re par les employeurs, entra\u00eenant une baisse soutenue des arriv\u00e9es.<\/p>\n<\/p><\/div>\n<\/p><\/div>\n<div id=\"faq-question-1776545596416\" class=\"rank-math-list-item\">\n<h3 class=\"rank-math-question \">Quelle est la diff\u00e9rence entre les programmes TET et IMP\u00a0?<\/h3>\n<div class=\"rank-math-answer \">\n<p>Le Programme des travailleurs \u00e9trangers temporaires exige que les employeurs obtiennent une \u00e9valuation de l&rsquo;impact sur le march\u00e9 du travail. Le Programme de Mobilit\u00e9 Internationale permet d&#8217;embaucher sans cette \u00e9tape dans certains cas, comme les mutations intra-entreprise ou les accords internationaux.<\/p>\n<\/p><\/div>\n<\/p><\/div>\n<div id=\"faq-question-1776545601345\" class=\"rank-math-list-item\">\n<h3 class=\"rank-math-question \">La baisse des effectifs a-t-elle \u00e9t\u00e9 soudaine ou progressive ?<\/h3>\n<div class=\"rank-math-answer \">\n<p>Le d\u00e9clin a \u00e9t\u00e9 progressif mais constant. Apr\u00e8s de fortes entr\u00e9es de capitaux au d\u00e9but de 2024, les chiffres ont chut\u00e9 jusqu\u2019\u00e0 la fin de 2024 et ont encore chut\u00e9 en 2025, ce qui indique une r\u00e9duction d\u00e9lib\u00e9r\u00e9e motiv\u00e9e par la politique plut\u00f4t qu\u2019une fluctuation \u00e0 court terme.<\/p>\n<\/p><\/div>\n<\/p><\/div>\n<div id=\"faq-question-1776545606287\" class=\"rank-math-list-item\">\n<h3 class=\"rank-math-question \">La saisonnalit\u00e9 affecte-t-elle toujours les arriv\u00e9es de travailleurs ?<\/h3>\n<div class=\"rank-math-answer \">\n<p>Oui, les tendances saisonni\u00e8res demeurent, avec des arriv\u00e9es plus \u00e9lev\u00e9es au printemps et en \u00e9t\u00e9. Toutefois, les volumes globaux sont nettement inf\u00e9rieurs \u00e0 ceux des ann\u00e9es pr\u00e9c\u00e9dentes, ce qui sugg\u00e8re une r\u00e9duction du plafond plut\u00f4t qu&rsquo;un changement de calendrier.<\/p>\n<\/p><\/div>\n<\/p><\/div>\n<div id=\"faq-question-1776545612505\" class=\"rank-math-list-item\">\n<h3 class=\"rank-math-question \">Qu\u2019est-ce que cela signifie pour les futurs immigrants ?<\/h3>\n<div class=\"rank-math-answer \">\n<p>La diminution des possibilit\u00e9s de travail temporaire peut rendre plus difficile l&rsquo;entr\u00e9e au Canada au moyen d&rsquo;un permis de travail. Cela pourrait accro\u00eetre la concurrence et d\u00e9placer l\u2019attention vers les voies de r\u00e9sidence permanente telles que l\u2019Entr\u00e9e express et les programmes des candidats des provinces.<\/p>\n<\/p><\/div>\n<\/p><\/div>\n<\/p><\/div>\n<\/p><\/div>\n<p> <\/div>\n<p><script type=\"rocketlazyloadscript\">\njQuery(function ($) {\nsetTimeout(function() { \n  !function(f,b,e,v,n,t,s)\n  {if(f.fbq)return;n=f.fbq=function(){n.callMethod?\n  n.callMethod.apply(n,arguments):n.queue.push(arguments)};\n  if(!f._fbq)f._fbq=n;n.push=n;n.loaded=!0;n.version='2.0';\n  n.queue=[];t=b.createElement(e);t.async=!0;\n  t.src=v;s=b.getElementsByTagName(e)[0];\n  s.parentNode.insertBefore(t,s)}(window, document,'script',\n  '\n  fbq('init', '1671684026485926');\n  fbq('track', 'PageView');\n}, 0);\n});\n<\/script><br \/>\n<br \/><\/p>\n<!--CusAds0-->\n<div style=\"font-size: 0px; height: 0px; line-height: 0px; margin: 0; padding: 0; clear: both;\"><\/div>","protected":false},"excerpt":{"rendered":"<p>Sur cette page, vous trouverez Une r\u00e9partition des arriv\u00e9es de travailleurs temporaires en baisse Principales tendances dans les programmes de TET et d&rsquo;IMP Qu\u2019est-ce qui explique la baisse des chiffres Mod\u00e8les saisonniers et ce qu&rsquo;ils montrent Ce que cela signifie pour les employeurs et les immigrants Le Canada a consid\u00e9rablement r\u00e9duit le nombre de nouveaux [&hellip;]<\/p>\n","protected":false},"author":1,"featured_media":9508,"comment_status":"open","ping_status":"open","sticky":false,"template":"","format":"standard","meta":{"_kadence_starter_templates_imported_post":false,"_glsr_average":0,"_glsr_ranking":0,"_glsr_reviews":0,"footnotes":""},"categories":[17],"tags":[],"class_list":["post-9507","post","type-post","status-publish","format-standard","has-post-thumbnail","hentry","category-actualite"],"_links":{"self":[{"href":"https:\/\/www.lepaysservices.com\/en\/wp-json\/wp\/v2\/posts\/9507","targetHints":{"allow":["GET"]}}],"collection":[{"href":"https:\/\/www.lepaysservices.com\/en\/wp-json\/wp\/v2\/posts"}],"about":[{"href":"https:\/\/www.lepaysservices.com\/en\/wp-json\/wp\/v2\/types\/post"}],"author":[{"embeddable":true,"href":"https:\/\/www.lepaysservices.com\/en\/wp-json\/wp\/v2\/users\/1"}],"replies":[{"embeddable":true,"href":"https:\/\/www.lepaysservices.com\/en\/wp-json\/wp\/v2\/comments?post=9507"}],"version-history":[{"count":0,"href":"https:\/\/www.lepaysservices.com\/en\/wp-json\/wp\/v2\/posts\/9507\/revisions"}],"wp:featuredmedia":[{"embeddable":true,"href":"https:\/\/www.lepaysservices.com\/en\/wp-json\/wp\/v2\/media\/9508"}],"wp:attachment":[{"href":"https:\/\/www.lepaysservices.com\/en\/wp-json\/wp\/v2\/media?parent=9507"}],"wp:term":[{"taxonomy":"category","embeddable":true,"href":"https:\/\/www.lepaysservices.com\/en\/wp-json\/wp\/v2\/categories?post=9507"},{"taxonomy":"post_tag","embeddable":true,"href":"https:\/\/www.lepaysservices.com\/en\/wp-json\/wp\/v2\/tags?post=9507"}],"curies":[{"name":"wp","href":"https:\/\/api.w.org\/{rel}","templated":true}]}}