
{"id":9496,"date":"2026-04-14T07:22:01","date_gmt":"2026-04-14T05:22:01","guid":{"rendered":"https:\/\/www.lepaysservices.com\/le-canada-constate-une-forte-baisse-du-nombre-detudiants-internationaux-alors-que-les-plafonds-de-permis-detudes-sinstallent\/"},"modified":"2026-04-14T07:22:01","modified_gmt":"2026-04-14T05:22:01","slug":"le-canada-constate-une-forte-baisse-du-nombre-detudiants-internationaux-alors-que-les-plafonds-de-permis-detudes-sinstallent","status":"publish","type":"post","link":"https:\/\/www.lepaysservices.com\/en\/le-canada-constate-une-forte-baisse-du-nombre-detudiants-internationaux-alors-que-les-plafonds-de-permis-detudes-sinstallent\/","title":{"rendered":"Le Canada constate une forte baisse du nombre d\u2019\u00e9tudiants internationaux alors que les plafonds de permis d\u2019\u00e9tudes s\u2019installent"},"content":{"rendered":"<p><br \/>\n<\/p>\n<div> <\/p>\n<h3 class=\"wp-block-heading\">Sur cette page, vous trouverez<\/h3>\n<ul class=\"wp-block-list\">\n<li>Derniers chiffres sur le nombre d&rsquo;\u00e9tudiants internationaux au Canada<\/li>\n<li>Comment les plafonds de permis d\u2019\u00e9tudes affectent les volumes<\/li>\n<li>Tendances cl\u00e9s jusqu\u2019en 2024 \u2013 2026<\/li>\n<li>Ce que le d\u00e9clin signifie pour l\u2019immigration et l\u2019\u00e9conomie<\/li>\n<li>Questions fr\u00e9quemment pos\u00e9es<\/li>\n<\/ul>\n<hr class=\"wp-block-separator has-alpha-channel-opacity\"\/>\n<p>Le Canada conna\u00eet une nette baisse du nombre d\u2019\u00e9tudiants internationaux, alors que les changements de politique f\u00e9d\u00e9rale commencent \u00e0 remodeler le syst\u00e8me.<\/p>\n<p>De nouvelles donn\u00e9es montrent une baisse constante du nombre de titulaires de permis d\u2019\u00e9tudes jusqu\u2019en 2025 et au d\u00e9but de 2026, refl\u00e9tant l\u2019impact des r\u00e8gles et des plafonds plus stricts introduits sous le gouvernement de Mark Carney.<\/p>\n<h2 class=\"wp-block-heading\">Le nombre d\u2019\u00e9tudiants internationaux en baisse<\/h2>\n<p>En d\u00e9cembre 2023, le Canada comptait 673\u00a0920 personnes d\u00e9tenant uniquement un permis d&rsquo;\u00e9tudes. En janvier 2026, ce nombre \u00e9tait tomb\u00e9 \u00e0 460\u00a0695.<\/p>\n<p>Cela repr\u00e9sente une baisse significative de plus de 200 000 titulaires de permis sur deux ans.<\/p>\n<p>Le d\u00e9clin n\u2019a pas \u00e9t\u00e9 lin\u00e9aire, mais la tendance g\u00e9n\u00e9rale est claire :<\/p>\n<ul class=\"wp-block-list\">\n<li>Les niveaux du d\u00e9but de 2024 sont rest\u00e9s relativement stables, culminant \u00e0 679\u00a0685 en janvier 2024.<\/li>\n<li>Les chiffres ont commenc\u00e9 \u00e0 baisser au milieu de 2024, avec des baisses plus marqu\u00e9es \u00e0 partir de l\u2019\u00e9t\u00e9.<\/li>\n<li>Les baisses les plus fortes ont eu lieu en 2025, notamment entre mars et juillet.<\/li>\n<li>Fin 2025, le total tombait r\u00e9guli\u00e8rement en dessous de 500 000<\/li>\n<\/ul>\n<h2 class=\"wp-block-heading\">R\u00e9partition mensuelle des titulaires de permis d&rsquo;\u00e9tudes<\/h2>\n<figure class=\"wp-block-image size-full\"><img fetchpriority=\"high\" fetchpriority=\"high\" decoding=\"async\" width=\"780\" height=\"387\" alt=\"\" class=\"wp-image-328880\"   src=\"https:\/\/www.lepaysservices.com\/wp-content\/uploads\/2026\/04\/image-1.png\"\/><\/figure>\n<h2 class=\"wp-block-heading\">Les plafonds de permis d\u2019\u00e9tudes \u00e0 l\u2019origine du d\u00e9clin<\/h2>\n<p>Cette baisse s&rsquo;inscrit dans le cadre des efforts f\u00e9d\u00e9raux visant \u00e0 limiter le nombre d&rsquo;\u00e9tudiants internationaux entrant au Canada.<\/p>\n<p>Sous le gouvernement Carney, Ottawa est pass\u00e9e \u00e0\u00a0:<\/p>\n<ul class=\"wp-block-list\">\n<li>Introduire des plafonds sur les permis d\u2019\u00e9tudes<\/li>\n<li>Resserrer les conditions d\u2019\u00e9ligibilit\u00e9<\/li>\n<li>Accro\u00eetre la surveillance des \u00e9tablissements d\u2019enseignement d\u00e9sign\u00e9s<\/li>\n<li>Lier plus \u00e9troitement les admissions d\u2019\u00e9tudiants \u00e0 la capacit\u00e9 du march\u00e9 du logement et du march\u00e9 du travail<\/li>\n<\/ul>\n<p>Ces mesures visent \u00e0 r\u00e9duire la pression sur le logement, les infrastructures et les services publics.<\/p>\n<h2 class=\"wp-block-heading\">Un changement structurel, pas un creux temporaire<\/h2>\n<p>Les donn\u00e9es sugg\u00e8rent que la baisse n\u2019est pas une fluctuation \u00e0 court terme.<\/p>\n<p>Au lieu de cela, cela refl\u00e8te un changement de politique d\u00e9lib\u00e9r\u00e9 vers\u00a0:<\/p>\n<ul class=\"wp-block-list\">\n<li>Baisse du nombre de r\u00e9sidents temporaires<\/li>\n<li>Une croissance plus ma\u00eetris\u00e9e de l\u2019\u00e9ducation internationale<\/li>\n<li>Meilleur alignement sur les objectifs d\u2019immigration \u00e0 long terme<\/li>\n<\/ul>\n<p>Cela est conforme au plan d&rsquo;immigration plus large du Canada, qui comprend \u00e9galement des r\u00e9ductions du nombre de travailleurs temporaires et d&rsquo;\u00e9tudiants tout en maintenant des objectifs stables en mati\u00e8re de r\u00e9sidence permanente.<\/p>\n<h2 class=\"wp-block-heading\">Ce que cela signifie pour l&rsquo;immigration et l&rsquo;\u00e9conomie<\/h2>\n<p>Les \u00e9tudiants internationaux jouent depuis longtemps un r\u00f4le cl\u00e9 dans le syst\u00e8me d&rsquo;immigration et l&rsquo;\u00e9conomie du Canada.<\/p>\n<p>Ils contribuent \u00e0 travers :<\/p>\n<ul class=\"wp-block-list\">\n<li>Frais de scolarit\u00e9 et d\u00e9penses de consommation<\/li>\n<li>Combler les p\u00e9nuries de main-d\u2019\u0153uvre pendant et apr\u00e8s les \u00e9tudes<\/li>\n<li>Transition vers la r\u00e9sidence permanente gr\u00e2ce \u00e0 des programmes comme Entr\u00e9e express<\/li>\n<\/ul>\n<p>Un d\u00e9clin soutenu pourrait avoir plusieurs impacts :<\/p>\n<ul class=\"wp-block-list\">\n<li>Revenus r\u00e9duits pour les coll\u00e8ges et universit\u00e9s<\/li>\n<li>Moins de candidats dans les futurs bassins de r\u00e9sidence permanente<\/li>\n<li>Potentiel d\u2019assouplissement de la demande de logements dans les grandes villes<\/li>\n<\/ul>\n<p>Toutefois, les d\u00e9cideurs politiques semblent dispos\u00e9s \u00e0 accepter ces compromis en faveur d\u2019un syst\u00e8me plus durable.<\/p>\n<h2 class=\"wp-block-heading\">Nouvelle phase de migration g\u00e9r\u00e9e<\/h2>\n<p>Le nombre d&rsquo;\u00e9tudiants internationaux au Canada est en forte baisse et la tendance ne montre aucun signe de renversement \u00e0 court terme.<\/p>\n<p>Avec le plafonnement des permis d\u2019\u00e9tudes d\u00e9sormais en place, le pays entre dans une nouvelle phase de migration g\u00e9r\u00e9e \u2013 une phase qui donne la priorit\u00e9 \u00e0 l\u2019\u00e9quilibre plut\u00f4t qu\u2019\u00e0 une croissance rapide.<\/p>\n<hr class=\"wp-block-separator has-alpha-channel-opacity\"\/>\n<h2 class=\"wp-block-heading\">FAQ<\/h2>\n<div id=\"rank-math-faq\" class=\"rank-math-block\">\n<div class=\"rank-math-list \">\n<div id=\"faq-question-1776134685872\" class=\"rank-math-list-item\">\n<h3 class=\"rank-math-question \">Pourquoi le nombre d\u2019\u00e9tudiants internationaux diminue-t-il au Canada ?<\/h3>\n<div class=\"rank-math-answer \">\n<p>Cette baisse est largement due aux nouvelles politiques f\u00e9d\u00e9rales qui plafonnent les permis d&rsquo;\u00e9tudes et resserrent les r\u00e8gles d&rsquo;\u00e9ligibilit\u00e9. Ces changements visent \u00e0 r\u00e9duire la pression sur le logement et les services publics, tout en garantissant que le nombre d&rsquo;\u00e9tudiants s&rsquo;aligne mieux sur la capacit\u00e9 \u00e9conomique et infrastructurelle du Canada.<\/p>\n<\/p><\/div>\n<\/p><\/div>\n<div id=\"faq-question-1776134691517\" class=\"rank-math-list-item\">\n<h3 class=\"rank-math-question \">Quelle est l\u2019importance de la baisse du nombre de titulaires de permis d\u2019\u00e9tudes ?<\/h3>\n<div class=\"rank-math-answer \">\n<p>Ce nombre est pass\u00e9 de 673\u00a0920 en d\u00e9cembre 2023 \u00e0 460\u00a0695 en janvier 2026. Cela repr\u00e9sente une baisse de plus de 200\u00a0000 titulaires de permis, les baisses les plus fortes se produisant tout au long de 2025, alors que les changements politiques sont entr\u00e9s en vigueur.<\/p>\n<\/p><\/div>\n<\/p><\/div>\n<div id=\"faq-question-1776134696916\" class=\"rank-math-list-item\">\n<h3 class=\"rank-math-question \">Que sont les plafonds de permis d\u2019\u00e9tudes ?<\/h3>\n<div class=\"rank-math-answer \">\n<p>Les plafonds de permis d\u2019\u00e9tudes limitent le nombre de nouveaux \u00e9tudiants internationaux autoris\u00e9s \u00e0 entrer au Canada chaque ann\u00e9e. Le gouvernement alloue des quotas aux provinces et aux \u00e9tablissements, r\u00e9duisant ainsi le nombre total d&rsquo;admissions afin de mieux g\u00e9rer les pressions en mati\u00e8re de logement, d&rsquo;infrastructures et du march\u00e9 du travail.<\/p>\n<\/p><\/div>\n<\/p><\/div>\n<div id=\"faq-question-1776134702084\" class=\"rank-math-list-item\">\n<h3 class=\"rank-math-question \">Cela affectera-t-il les parcours vers la r\u00e9sidence permanente ?<\/h3>\n<div class=\"rank-math-answer \">\n<p>Oui. Moins d\u2019\u00e9tudiants internationaux signifie moins de candidats en transition vers la r\u00e9sidence permanente gr\u00e2ce \u00e0 des programmes comme Entr\u00e9e express. Au fil du temps, cela pourrait r\u00e9duire le bassin de candidats ayant une formation et une exp\u00e9rience de travail au Canada.<\/p>\n<\/p><\/div>\n<\/p><\/div>\n<div id=\"faq-question-1776134707942\" class=\"rank-math-list-item\">\n<h3 class=\"rank-math-question \">Le Canada est-il toujours une bonne destination pour les \u00e9tudiants internationaux ?<\/h3>\n<div class=\"rank-math-answer \">\n<p>Le Canada demeure une option solide, mais le syst\u00e8me devient de plus en plus s\u00e9lectif. Les \u00e9tudiants qui r\u00e9pondent \u00e0 des normes plus \u00e9lev\u00e9es et choisissent des \u00e9tablissements reconnus sont toujours bien plac\u00e9s pour b\u00e9n\u00e9ficier de l\u2019\u00e9ducation et des fili\u00e8res d\u2019immigration potentielles.<\/p>\n<\/p><\/div>\n<\/p><\/div>\n<\/p><\/div>\n<\/p><\/div>\n<p> <\/div>\n<p><script type=\"rocketlazyloadscript\">\njQuery(function ($) {\nsetTimeout(function() { \n  !function(f,b,e,v,n,t,s)\n  {if(f.fbq)return;n=f.fbq=function(){n.callMethod?\n  n.callMethod.apply(n,arguments):n.queue.push(arguments)};\n  if(!f._fbq)f._fbq=n;n.push=n;n.loaded=!0;n.version='2.0';\n  n.queue=[];t=b.createElement(e);t.async=!0;\n  t.src=v;s=b.getElementsByTagName(e)[0];\n  s.parentNode.insertBefore(t,s)}(window, document,'script',\n  '\n  fbq('init', '1671684026485926');\n  fbq('track', 'PageView');\n}, 0);\n});\n<\/script><br \/>\n<br \/><\/p>\n<!--CusAds0-->\n<div style=\"font-size: 0px; height: 0px; line-height: 0px; margin: 0; padding: 0; clear: both;\"><\/div>","protected":false},"excerpt":{"rendered":"<p>Sur cette page, vous trouverez Derniers chiffres sur le nombre d&rsquo;\u00e9tudiants internationaux au Canada Comment les plafonds de permis d\u2019\u00e9tudes affectent les volumes Tendances cl\u00e9s jusqu\u2019en 2024 \u2013 2026 Ce que le d\u00e9clin signifie pour l\u2019immigration et l\u2019\u00e9conomie Questions fr\u00e9quemment pos\u00e9es Le Canada conna\u00eet une nette baisse du nombre d\u2019\u00e9tudiants internationaux, alors que les changements [&hellip;]<\/p>\n","protected":false},"author":1,"featured_media":9497,"comment_status":"open","ping_status":"open","sticky":false,"template":"","format":"standard","meta":{"_kadence_starter_templates_imported_post":false,"_glsr_average":0,"_glsr_ranking":0,"_glsr_reviews":0,"footnotes":""},"categories":[17],"tags":[],"class_list":["post-9496","post","type-post","status-publish","format-standard","has-post-thumbnail","hentry","category-actualite"],"_links":{"self":[{"href":"https:\/\/www.lepaysservices.com\/en\/wp-json\/wp\/v2\/posts\/9496","targetHints":{"allow":["GET"]}}],"collection":[{"href":"https:\/\/www.lepaysservices.com\/en\/wp-json\/wp\/v2\/posts"}],"about":[{"href":"https:\/\/www.lepaysservices.com\/en\/wp-json\/wp\/v2\/types\/post"}],"author":[{"embeddable":true,"href":"https:\/\/www.lepaysservices.com\/en\/wp-json\/wp\/v2\/users\/1"}],"replies":[{"embeddable":true,"href":"https:\/\/www.lepaysservices.com\/en\/wp-json\/wp\/v2\/comments?post=9496"}],"version-history":[{"count":0,"href":"https:\/\/www.lepaysservices.com\/en\/wp-json\/wp\/v2\/posts\/9496\/revisions"}],"wp:featuredmedia":[{"embeddable":true,"href":"https:\/\/www.lepaysservices.com\/en\/wp-json\/wp\/v2\/media\/9497"}],"wp:attachment":[{"href":"https:\/\/www.lepaysservices.com\/en\/wp-json\/wp\/v2\/media?parent=9496"}],"wp:term":[{"taxonomy":"category","embeddable":true,"href":"https:\/\/www.lepaysservices.com\/en\/wp-json\/wp\/v2\/categories?post=9496"},{"taxonomy":"post_tag","embeddable":true,"href":"https:\/\/www.lepaysservices.com\/en\/wp-json\/wp\/v2\/tags?post=9496"}],"curies":[{"name":"wp","href":"https:\/\/api.w.org\/{rel}","templated":true}]}}