
{"id":9491,"date":"2026-04-11T02:26:06","date_gmt":"2026-04-11T00:26:06","guid":{"rendered":"https:\/\/www.lepaysservices.com\/le-canada-envisage-dabandonner-les-programmes-entree-express-a-linstar-du-quebec\/"},"modified":"2026-04-11T02:26:06","modified_gmt":"2026-04-11T00:26:06","slug":"le-canada-envisage-dabandonner-les-programmes-entree-express-a-linstar-du-quebec","status":"publish","type":"post","link":"https:\/\/www.lepaysservices.com\/en\/le-canada-envisage-dabandonner-les-programmes-entree-express-a-linstar-du-quebec\/","title":{"rendered":"Le Canada envisage d\u2019abandonner les programmes Entr\u00e9e express, \u00e0 l\u2019instar du Qu\u00e9bec"},"content":{"rendered":"<p><br \/>\n<\/p>\n<div> <\/p>\n<h3 class=\"wp-block-heading\">Sur cette page vous trouverez :<\/h3>\n<ul class=\"wp-block-list\">\n<li>Ce que le Canada propose de changer dans Entr\u00e9e express<\/li>\n<li>Pourquoi Ottawa passe \u00e0 un programme d&rsquo;immigration unique<\/li>\n<li>Comment le plan refl\u00e8te les r\u00e9formes de l&rsquo;immigration au Qu\u00e9bec<\/li>\n<li>Qui en b\u00e9n\u00e9ficiera et qui pourrait y perdre<\/li>\n<li>Ce que cela signifie pour les futurs immigrants<\/li>\n<\/ul>\n<hr class=\"wp-block-separator has-alpha-channel-opacity\"\/>\n<h2 class=\"wp-block-heading\">Ottawa annonce une r\u00e9initialisation majeure du syst\u00e8me d&rsquo;immigration des travailleurs qualifi\u00e9s<\/h2>\n<p>Le Canada se pr\u00e9pare \u00e0 remanier son syst\u00e8me d&rsquo;immigration \u00e9conomique phare, avec des plans visant \u00e0 \u00e9liminer les programmes de base d&rsquo;Entr\u00e9e express et \u00e0 les remplacer par une voie unique et rationalis\u00e9e.<\/p>\n<p>Selon le Plan prospectif de la r\u00e9glementation d&rsquo;Immigration, R\u00e9fugi\u00e9s et Citoyennet\u00e9 Canada, le gouvernement a l&rsquo;intention d&rsquo;abroger le Programme f\u00e9d\u00e9ral des travailleurs qualifi\u00e9s, la Cat\u00e9gorie de l&rsquo;exp\u00e9rience canadienne et le Programme f\u00e9d\u00e9ral des m\u00e9tiers sp\u00e9cialis\u00e9s. Celles-ci seraient remplac\u00e9es par une nouvelle classe d\u2019immigration f\u00e9d\u00e9rale unifi\u00e9e hautement qualifi\u00e9e.<\/p>\n<p>La proposition remod\u00e8lerait fondamentalement Entr\u00e9e express, qui fonctionne depuis 2015 comme un syst\u00e8me bas\u00e9 sur un pool construit sur des exigences de programme distinctes.<\/p>\n<p>S&rsquo;il \u00e9tait mis en \u0153uvre, il s&rsquo;agirait du changement structurel le plus important apport\u00e9 au syst\u00e8me d&rsquo;immigration \u00e9conomique du Canada depuis plus d&rsquo;une d\u00e9cennie.<\/p>\n<h2 class=\"wp-block-heading\">De trois programmes \u00e0 un<\/h2>\n<p>Selon le mod\u00e8le actuel, les candidats se qualifient pour Entr\u00e9e express via l&rsquo;un des trois programmes suivants\u00a0:<\/p>\n<ul class=\"wp-block-list\">\n<li>Programme f\u00e9d\u00e9ral des travailleurs qualifi\u00e9s \u2013 destin\u00e9 aux candidats \u00e9trangers<\/li>\n<li>Cat\u00e9gorie de l&rsquo;exp\u00e9rience canadienne \u2013 pour ceux qui ont une exp\u00e9rience de travail au Canada<\/li>\n<li>Programme f\u00e9d\u00e9ral des m\u00e9tiers sp\u00e9cialis\u00e9s \u2013 con\u00e7u pour les travailleurs des m\u00e9tiers sp\u00e9cialis\u00e9s<\/li>\n<\/ul>\n<p>Chaque programme a ses propres crit\u00e8res d&rsquo;\u00e9ligibilit\u00e9, m\u00eame si tous les candidats sont class\u00e9s ensemble via le syst\u00e8me de classement global.<\/p>\n<p>La r\u00e9forme propos\u00e9e supprimerait ces distinctions et introduirait un ensemble unique de conditions d&rsquo;\u00e9ligibilit\u00e9.<\/p>\n<p>Cela marque l\u2019abandon d\u2019une s\u00e9lection bas\u00e9e sur des programmes au profit d\u2019un syst\u00e8me plus unifi\u00e9 et plus flexible.<\/p>\n<h2 class=\"wp-block-heading\">Pourquoi le Canada op\u00e8re le changement<\/h2>\n<p>IRCC affirme que l\u2019objectif est de simplifier le syst\u00e8me et de mieux aligner l\u2019immigration sur les besoins du march\u00e9 du travail.<\/p>\n<p>Le minist\u00e8re fait valoir que des r\u00e8gles simplifi\u00e9es :<\/p>\n<ul class=\"wp-block-list\">\n<li>Faciliter la navigation dans le syst\u00e8me pour les candidats et les employeurs<\/li>\n<li>Cr\u00e9er un bassin de candidats plus large et plus diversifi\u00e9<\/li>\n<li>Aider les entreprises \u00e0 combler plus efficacement les p\u00e9nuries de main-d\u2019\u0153uvre<\/li>\n<\/ul>\n<p>Cela refl\u00e8te une tendance plus large dans la politique d&rsquo;immigration canadienne, o\u00f9 la s\u00e9lection est de plus en plus li\u00e9e \u00e0 la demande \u00e9conomique plut\u00f4t qu&rsquo;\u00e0 des parcours de programmes fixes.<\/p>\n<h2 class=\"wp-block-heading\">Suivre l\u2019exemple du Qu\u00e9bec<\/h2>\n<p>La proposition f\u00e9d\u00e9rale refl\u00e8te \u00e9troitement les r\u00e9formes r\u00e9centes au Qu\u00e9bec, qui est d\u00e9j\u00e0 pass\u00e9 \u00e0 un seul Programme qu\u00e9b\u00e9cois de s\u00e9lection des travailleurs qualifi\u00e9s.<\/p>\n<p>Le Qu\u00e9bec a remplac\u00e9 plusieurs voies d&rsquo;immigration par un seul syst\u00e8me et s\u00e9lectionne d\u00e9sormais les candidats via un bassin central en fonction des priorit\u00e9s du march\u00e9 du travail.<\/p>\n<p>Les similitudes sont claires :<\/p>\n<ul class=\"wp-block-list\">\n<li>Les deux syst\u00e8mes passent de plusieurs programmes \u00e0 un seul framework<\/li>\n<li>Tous deux mettent l\u2019accent sur la flexibilit\u00e9 et la s\u00e9lection cibl\u00e9e<\/li>\n<li>Les deux donnent aux gouvernements plus de contr\u00f4le sur les invit\u00e9s.<\/li>\n<\/ul>\n<p>Dans les deux cas, l\u2019immigration devient plus r\u00e9active aux besoins \u00e9conomiques.<\/p>\n<h2 class=\"wp-block-heading\">Un virage vers la flexibilit\u00e9 \u2013 et moins de pr\u00e9visibilit\u00e9<\/h2>\n<p>M\u00eame si un programme unique peut simplifier le syst\u00e8me sur papier, il r\u00e9duit \u00e9galement la pr\u00e9visibilit\u00e9 pour les candidats.<\/p>\n<p>Selon le mod\u00e8le actuel, les candidats peuvent planifier leur strat\u00e9gie d&rsquo;immigration en fonction de programmes sp\u00e9cifiques tels que la Cat\u00e9gorie de l&rsquo;exp\u00e9rience canadienne.<\/p>\n<p>Un syst\u00e8me unifi\u00e9 rend cela plus difficile.<\/p>\n<p>Au lieu de se qualifier selon un parcours d\u00e9fini, les candidats devront peut-\u00eatre concourir dans un bassin plus large fa\u00e7onn\u00e9 par des priorit\u00e9s changeantes, y compris des tirages au sort sp\u00e9cifiques \u00e0 une profession et aux besoins du march\u00e9 du travail.<\/p>\n<p>Cela refl\u00e8te un changement d\u00e9j\u00e0 en cours gr\u00e2ce \u00e0 la s\u00e9lection bas\u00e9e sur les cat\u00e9gories dans Entr\u00e9e express.<\/p>\n<h2 class=\"wp-block-heading\">Plus de pouvoir pour le gouvernement et les employeurs<\/h2>\n<p>Un programme f\u00e9d\u00e9ral unique donnerait \u00e0 Ottawa un plus grand contr\u00f4le sur la s\u00e9lection des immigrants.<\/p>\n<p>Cela permettrait des modifications plus rapides des crit\u00e8res d\u2019\u00e9ligibilit\u00e9 et des invitations plus cibl\u00e9es en fonction de la demande \u00e9conomique.<\/p>\n<p>Les employeurs peuvent \u00e9galement b\u00e9n\u00e9ficier d\u2019un syst\u00e8me plus \u00e9troitement adapt\u00e9 aux p\u00e9nuries de main-d\u2019\u0153uvre, ce qui pourrait accro\u00eetre l\u2019importance des offres d\u2019emploi ou des professions en demande.<\/p>\n<p>Cela t\u00e9moigne d\u2019un mod\u00e8le d\u2019immigration davantage ax\u00e9 sur les employeurs.<\/p>\n<h2 class=\"wp-block-heading\">Ce que cela signifie pour les groupes cl\u00e9s<\/h2>\n<h3 class=\"wp-block-heading\">Candidats \u00e0 l&rsquo;exp\u00e9rience canadienne<\/h3>\n<p>La suppression de la cat\u00e9gorie de l\u2019exp\u00e9rience canadienne soul\u00e8ve des questions pour les \u00e9tudiants internationaux et les travailleurs temporaires.<\/p>\n<p>M\u00eame si l\u2019exp\u00e9rience canadienne peut encore \u00eatre valoris\u00e9e, elle ne garantit plus une voie claire vers la r\u00e9sidence permanente.<\/p>\n<h3 class=\"wp-block-heading\">Travailleurs des m\u00e9tiers sp\u00e9cialis\u00e9s<\/h3>\n<p>Le programme f\u00e9d\u00e9ral des m\u00e9tiers sp\u00e9cialis\u00e9s offre actuellement un acc\u00e8s personnalis\u00e9 avec des seuils de score inf\u00e9rieurs.<\/p>\n<p>Dans un syst\u00e8me unifi\u00e9, les candidats aux m\u00e9tiers pourraient \u00eatre confront\u00e9s \u00e0 une plus grande concurrence \u00e0 moins que des tirages cibl\u00e9s continuent de les soutenir.<\/p>\n<h3 class=\"wp-block-heading\">Candidats \u00e9trangers<\/h3>\n<p>Les candidats \u00e0 l&rsquo;ext\u00e9rieur du Canada pourraient \u00eatre confront\u00e9s \u00e0 une concurrence accrue dans un syst\u00e8me plus flexible, en particulier si la s\u00e9lection favorise de plus en plus les candidats ayant des liens ou des offres d&#8217;emploi au Canada.<\/p>\n<h2 class=\"wp-block-heading\">Qu\u00e9bec et Ottawa \u2013 Direction similaire, \u00e9chelle diff\u00e9rente<\/h2>\n<p>Malgr\u00e9 des similitudes \u00e9videntes, des diff\u00e9rences essentielles demeurent.<\/p>\n<p>Le syst\u00e8me qu\u00e9b\u00e9cois est plus restrictif, avec des niveaux d&rsquo;admission plus faibles et une forte concentration sur les exigences linguistiques en fran\u00e7ais.<\/p>\n<p>Le syst\u00e8me f\u00e9d\u00e9ral restera plus vaste et plus flexible.<\/p>\n<p>Cependant, la r\u00e9forme d&rsquo;Ottawa va plus loin sur un point cl\u00e9.<\/p>\n<p>Alors que le Qu\u00e9bec a modifi\u00e9 la fa\u00e7on dont les candidats sont s\u00e9lectionn\u00e9s, le gouvernement f\u00e9d\u00e9ral propose de modifier la structure juridique de son syst\u00e8me d&rsquo;immigration en supprimant les programmes eux-m\u00eames.<\/p>\n<h2 class=\"wp-block-heading\">Un changement plus large dans la politique canadienne d\u2019immigration<\/h2>\n<p>Pris ensemble, ces changements indiquent une transformation plus profonde.<\/p>\n<p>Le Canada s&rsquo;\u00e9loigne d&rsquo;un syst\u00e8me o\u00f9 les candidats sont admissibles dans le cadre de programmes fixes.<\/p>\n<p>Au lieu de cela, il \u00e9volue vers un mod\u00e8le dans lequel la s\u00e9lection d\u00e9pend de la mani\u00e8re dont les candidats correspondent aux besoins actuels du march\u00e9 du travail.<\/p>\n<p>En termes simples\u00a0:<\/p>\n<p>Le Canada passe d\u2019une s\u00e9lection d\u2019immigrants bas\u00e9e sur des r\u00e8gles d\u2019admissibilit\u00e9 \u00e0 une s\u00e9lection bas\u00e9e sur la demande \u00e9conomique.<\/p>\n<h2 class=\"wp-block-heading\">Que se passe-t-il ensuite ?<\/h2>\n<p>La proposition en est encore \u00e0 ses d\u00e9buts.<\/p>\n<p>IRCC pr\u00e9voit consulter les parties prenantes et le public au printemps 2026 avant d\u2019aller de l\u2019avant avec des modifications r\u00e9glementaires.<\/p>\n<p>S\u2019il est mis en \u0153uvre, le nouveau syst\u00e8me pourrait entrer en vigueur plus tard en 2026 ou au-del\u00e0.<\/p>\n<p>Pour l&rsquo;instant, les programmes Entr\u00e9e express existants restent en place.<\/p>\n<hr class=\"wp-block-separator has-alpha-channel-opacity\"\/>\n<h2 class=\"wp-block-heading\">FAQ<\/h2>\n<div id=\"rank-math-faq\" class=\"rank-math-block\">\n<div class=\"rank-math-list \">\n<div id=\"faq-question-1775842860241\" class=\"rank-math-list-item\">\n<h3 class=\"rank-math-question \">Qu\u2019est-ce que le Canada pr\u00e9voit changer dans Entr\u00e9e express ?<\/h3>\n<div class=\"rank-math-answer \">\n<p>Le Canada pr\u00e9voit \u00e9liminer le Programme f\u00e9d\u00e9ral des travailleurs qualifi\u00e9s, la Cat\u00e9gorie de l&rsquo;exp\u00e9rience canadienne et le Programme f\u00e9d\u00e9ral des m\u00e9tiers sp\u00e9cialis\u00e9s. Ceux-ci seraient remplac\u00e9s par un programme f\u00e9d\u00e9ral unique d&rsquo;immigration pour les travailleurs hautement qualifi\u00e9s avec des conditions d&rsquo;\u00e9ligibilit\u00e9 simplifi\u00e9es, modifiant fondamentalement la mani\u00e8re dont les candidats sont admissibles \u00e0 la r\u00e9sidence permanente.<\/p>\n<\/p><\/div>\n<\/p><\/div>\n<div id=\"faq-question-1775842872231\" class=\"rank-math-list-item\">\n<h3 class=\"rank-math-question \">Pourquoi le Canada s&rsquo;oriente-t-il vers un programme d&rsquo;immigration unique ?<\/h3>\n<div class=\"rank-math-answer \">\n<p>Le gouvernement affirme qu\u2019un syst\u00e8me unifi\u00e9 sera plus facile \u00e0 comprendre et mieux adapt\u00e9 aux besoins du march\u00e9 du travail. Cela permettrait une plus grande flexibilit\u00e9 dans la s\u00e9lection des candidats et aiderait les employeurs \u00e0 combler plus efficacement les p\u00e9nuries dans diff\u00e9rents secteurs de l\u2019\u00e9conomie.<\/p>\n<\/p><\/div>\n<\/p><\/div>\n<div id=\"faq-question-1775842878321\" class=\"rank-math-list-item\">\n<h3 class=\"rank-math-question \">En quoi est-ce similaire au syst\u00e8me d&rsquo;immigration du Qu\u00e9bec?<\/h3>\n<div class=\"rank-math-answer \">\n<p>Le Qu\u00e9bec est d\u00e9j\u00e0 pass\u00e9 \u00e0 un programme unique pour les travailleurs qualifi\u00e9s, s\u00e9lectionnant les candidats via un bassin central en fonction des priorit\u00e9s \u00e9conomiques. La proposition du Canada suit une approche similaire, en se concentrant sur la flexibilit\u00e9 et l&rsquo;alignement sur le march\u00e9 du travail plut\u00f4t que sur des parcours de programmes fixes.<\/p>\n<\/p><\/div>\n<\/p><\/div>\n<div id=\"faq-question-1775842884149\" class=\"rank-math-list-item\">\n<h3 class=\"rank-math-question \">Cela rendra-t-il plus difficile l&rsquo;immigration au Canada?<\/h3>\n<div class=\"rank-math-answer \">\n<p>Cela peut rendre le processus moins pr\u00e9visible. Si certains candidats pourraient b\u00e9n\u00e9ficier d\u2019une s\u00e9lection cibl\u00e9e, d\u2019autres pourraient avoir plus de mal \u00e0 planifier leur parcours sans crit\u00e8res de programme clairs. Les r\u00e9sultats d\u00e9pendront davantage de la demande du march\u00e9 du travail et des priorit\u00e9s du gouvernement.<\/p>\n<\/p><\/div>\n<\/p><\/div>\n<div id=\"faq-question-1775842889438\" class=\"rank-math-list-item\">\n<h3 class=\"rank-math-question \">Quand ces changements entreront-ils en vigueur ?<\/h3>\n<div class=\"rank-math-answer \">\n<p>La proposition est encore en cours d\u2019\u00e9laboration et des consultations sont pr\u00e9vues au printemps 2026. Tout changement serait probablement mis en \u0153uvre plus tard en 2026 ou au-del\u00e0. D\u2019ici l\u00e0, le syst\u00e8me Entr\u00e9e express actuel et ses programmes restent en place.<\/p>\n<\/p><\/div>\n<\/p><\/div>\n<\/p><\/div>\n<\/p><\/div>\n<p> <\/div>\n<p><script type=\"rocketlazyloadscript\">\njQuery(function ($) {\nsetTimeout(function() { \n  !function(f,b,e,v,n,t,s)\n  {if(f.fbq)return;n=f.fbq=function(){n.callMethod?\n  n.callMethod.apply(n,arguments):n.queue.push(arguments)};\n  if(!f._fbq)f._fbq=n;n.push=n;n.loaded=!0;n.version='2.0';\n  n.queue=[];t=b.createElement(e);t.async=!0;\n  t.src=v;s=b.getElementsByTagName(e)[0];\n  s.parentNode.insertBefore(t,s)}(window, document,'script',\n  '\n  fbq('init', '1671684026485926');\n  fbq('track', 'PageView');\n}, 0);\n});\n<\/script><br \/>\n<br \/><\/p>\n<!--CusAds0-->\n<div style=\"font-size: 0px; height: 0px; line-height: 0px; margin: 0; padding: 0; clear: both;\"><\/div>","protected":false},"excerpt":{"rendered":"<p>Sur cette page vous trouverez : Ce que le Canada propose de changer dans Entr\u00e9e express Pourquoi Ottawa passe \u00e0 un programme d&rsquo;immigration unique Comment le plan refl\u00e8te les r\u00e9formes de l&rsquo;immigration au Qu\u00e9bec Qui en b\u00e9n\u00e9ficiera et qui pourrait y perdre Ce que cela signifie pour les futurs immigrants Ottawa annonce une r\u00e9initialisation majeure [&hellip;]<\/p>\n","protected":false},"author":1,"featured_media":9386,"comment_status":"open","ping_status":"open","sticky":false,"template":"","format":"standard","meta":{"_kadence_starter_templates_imported_post":false,"_glsr_average":0,"_glsr_ranking":0,"_glsr_reviews":0,"footnotes":""},"categories":[17],"tags":[],"class_list":["post-9491","post","type-post","status-publish","format-standard","has-post-thumbnail","hentry","category-actualite"],"_links":{"self":[{"href":"https:\/\/www.lepaysservices.com\/en\/wp-json\/wp\/v2\/posts\/9491","targetHints":{"allow":["GET"]}}],"collection":[{"href":"https:\/\/www.lepaysservices.com\/en\/wp-json\/wp\/v2\/posts"}],"about":[{"href":"https:\/\/www.lepaysservices.com\/en\/wp-json\/wp\/v2\/types\/post"}],"author":[{"embeddable":true,"href":"https:\/\/www.lepaysservices.com\/en\/wp-json\/wp\/v2\/users\/1"}],"replies":[{"embeddable":true,"href":"https:\/\/www.lepaysservices.com\/en\/wp-json\/wp\/v2\/comments?post=9491"}],"version-history":[{"count":0,"href":"https:\/\/www.lepaysservices.com\/en\/wp-json\/wp\/v2\/posts\/9491\/revisions"}],"wp:featuredmedia":[{"embeddable":true,"href":"https:\/\/www.lepaysservices.com\/en\/wp-json\/wp\/v2\/media\/9386"}],"wp:attachment":[{"href":"https:\/\/www.lepaysservices.com\/en\/wp-json\/wp\/v2\/media?parent=9491"}],"wp:term":[{"taxonomy":"category","embeddable":true,"href":"https:\/\/www.lepaysservices.com\/en\/wp-json\/wp\/v2\/categories?post=9491"},{"taxonomy":"post_tag","embeddable":true,"href":"https:\/\/www.lepaysservices.com\/en\/wp-json\/wp\/v2\/tags?post=9491"}],"curies":[{"name":"wp","href":"https:\/\/api.w.org\/{rel}","templated":true}]}}